{"id":908165,"date":"2026-03-14T13:22:50","date_gmt":"2026-03-14T12:22:50","guid":{"rendered":"https:\/\/www.albinfo.ch\/?p=908165"},"modified":"2026-03-15T01:25:41","modified_gmt":"2026-03-15T00:25:41","slug":"die-albanische-schule-iliriada-in-belgien-wird-fuer-ihren-beitrag-zur-bewahrung-der-albanischen-sprache-und-kultur-geehrt","status":"publish","type":"post","link":"https:\/\/www.albinfo.ch\/de\/die-albanische-schule-iliriada-in-belgien-wird-fuer-ihren-beitrag-zur-bewahrung-der-albanischen-sprache-und-kultur-geehrt\/","title":{"rendered":"Die albanische Schule &#8220;Iliriada&#8221; in Belgien wird f\u00fcr ihren Beitrag zur Bewahrung der albanischen Sprache und Kultur geehrt"},"content":{"rendered":"<p data-start=\"1224\" data-end=\"1477\">Die Botschaft der Republik Albanien in Br\u00fcssel hat eine Ehrungszeremonie f\u00fcr den Beitrag der albanischen Schulen in Belgien und Luxemburg zur Bewahrung und F\u00f6rderung der albanischen Sprache und Kultur in der Diaspora organisiert, berichtet albinfo.ch.<\/p>\n<p data-start=\"1479\" data-end=\"1811\">An der Veranstaltung nahmen Ferit Hoxha, Minister f\u00fcr Europa und Ausw\u00e4rtige Angelegenheiten Albaniens, der Botschafter des Kosovo in Br\u00fcssel, Agron Bajrami, sowie der Botschafter der Mission Nordmazedoniens bei der Europ\u00e4ischen Union, Zulfi Ismaili, teil. Die Zeremonie fand auf Einladung der Botschafterin Albana Dautllari statt.<\/p>\n<p data-start=\"1813\" data-end=\"2092\">W\u00e4hrend der Zeremonie wurden die albanischen Schulen &#8220;Iliriada&#8221; in Antwerpen und Sint Niklaas mit Anerkennungen f\u00fcr ihren Beitrag zur Bewahrung und F\u00f6rderung der albanischen Sprache, der Kultur und der nationalen Identit\u00e4t bei albanischen Kindern in der Diaspora ausgezeichnet.<\/p>\n<p data-start=\"2094\" data-end=\"2318\" data-is-last-node=\"\" data-is-only-node=\"\">An der Zeremonie nahm auch das gesamte p\u00e4dagogische Team der Schulen &#8220;Iliriada&#8221; teil, das seit Jahren zur Bildung und zur Pflege der Muttersprache bei den jungen Generationen der albanischen Gemeinschaft in Belgien beitr\u00e4gt.<\/p>\n<p class=\"p1\">\/Albinfo.ch<\/p>\n","protected":false},"excerpt":{"rendered":"<p>Die Ehrungszeremonie wurde von der Botschaft der Republik Albanien in Br\u00fcssel organisiert, unter Teilnahme diplomatischer Vertreter aus der Region.<\/p>\n","protected":false},"author":6,"featured_media":908003,"comment_status":"closed","ping_status":"closed","sticky":false,"template":"","format":"standard","meta":{"footnotes":""},"categories":[24636,1136,24631,1133],"tags":[],"vendi":[],"content_country":[],"class_list":["post-908165","post","type-post","status-publish","format-standard","has-post-thumbnail","hentry","category-nachrichten-de-4","category-sprachen","category-nachrichten-de-2","category-e-diaspora-de"],"acf":[],"_links":{"self":[{"href":"https:\/\/www.albinfo.ch\/de\/wp-json\/wp\/v2\/posts\/908165","targetHints":{"allow":["GET"]}}],"collection":[{"href":"https:\/\/www.albinfo.ch\/de\/wp-json\/wp\/v2\/posts"}],"about":[{"href":"https:\/\/www.albinfo.ch\/de\/wp-json\/wp\/v2\/types\/post"}],"author":[{"embeddable":true,"href":"https:\/\/www.albinfo.ch\/de\/wp-json\/wp\/v2\/users\/6"}],"replies":[{"embeddable":true,"href":"https:\/\/www.albinfo.ch\/de\/wp-json\/wp\/v2\/comments?post=908165"}],"version-history":[{"count":1,"href":"https:\/\/www.albinfo.ch\/de\/wp-json\/wp\/v2\/posts\/908165\/revisions"}],"predecessor-version":[{"id":908166,"href":"https:\/\/www.albinfo.ch\/de\/wp-json\/wp\/v2\/posts\/908165\/revisions\/908166"}],"wp:featuredmedia":[{"embeddable":true,"href":"https:\/\/www.albinfo.ch\/de\/wp-json\/wp\/v2\/media\/908003"}],"wp:attachment":[{"href":"https:\/\/www.albinfo.ch\/de\/wp-json\/wp\/v2\/media?parent=908165"}],"wp:term":[{"taxonomy":"category","embeddable":true,"href":"https:\/\/www.albinfo.ch\/de\/wp-json\/wp\/v2\/categories?post=908165"},{"taxonomy":"post_tag","embeddable":true,"href":"https:\/\/www.albinfo.ch\/de\/wp-json\/wp\/v2\/tags?post=908165"},{"taxonomy":"vendi","embeddable":true,"href":"https:\/\/www.albinfo.ch\/de\/wp-json\/wp\/v2\/vendi?post=908165"},{"taxonomy":"content_country","embeddable":true,"href":"https:\/\/www.albinfo.ch\/de\/wp-json\/wp\/v2\/content_country?post=908165"}],"curies":[{"name":"wp","href":"https:\/\/api.w.org\/{rel}","templated":true}]}}