{"id":908174,"date":"2026-03-14T14:38:55","date_gmt":"2026-03-14T13:38:55","guid":{"rendered":"https:\/\/www.albinfo.ch\/?p=908174"},"modified":"2026-03-15T01:42:46","modified_gmt":"2026-03-15T00:42:46","slug":"the-guardian-reise-in-den-albanischen-alpen-eines-der-authentischsten-erlebnisse-des-bergtourismus-in-europa","status":"publish","type":"post","link":"https:\/\/www.albinfo.ch\/de\/the-guardian-reise-in-den-albanischen-alpen-eines-der-authentischsten-erlebnisse-des-bergtourismus-in-europa\/","title":{"rendered":"The Guardian: Reise in den albanischen Alpen, eines der authentischsten Erlebnisse des Bergtourismus in Europa"},"content":{"rendered":"<p data-start=\"3512\" data-end=\"3853\">Eine britische Familie, die f\u00fcr ein einw\u00f6chiges Abenteuer in den Bergen auf den Balkan reiste, hat ihre Erfahrung in den albanischen Alpen als eines der authentischsten Naturtourismus Erlebnisse in Europa beschrieben. Ihre Reise wurde von der Journalistin Holly Tuppen in einem Artikel der britischen Tageszeitung The Guardian geschildert.<\/p>\n<p data-start=\"3855\" data-end=\"4069\">Laut dem Artikel bietet eine Reise in den Norden Albaniens mit Bergwanderungen, Baden in Fl\u00fcssen und Begegnungen mit einheimischen Hirten eine einzigartige Kombination aus unber\u00fchrter Natur und alten Traditionen.<\/p>\n<p data-start=\"4071\" data-end=\"4111\">Albanische Gastfreundschaft im Gebirge<\/p>\n<p data-start=\"4113\" data-end=\"4393\">In einem abgelegenen Stan in den Bergen des Nordens wurde die Familie von Einheimischen in einem kleinen Berghaus empfangen. Die Kinder des Dorfes und die jungen G\u00e4ste freundeten sich sofort an und spielten das bekannte Spiel Uno, w\u00e4hrend drau\u00dfen ein heftiger Hagelsturm begann.<\/p>\n<p data-start=\"4395\" data-end=\"4618\">Im kleinen Raum des Stans, der zugleich K\u00fcche, Aufenthaltsraum und Veranda war, sa\u00dfen die G\u00e4ste und die Familie zusammen. Trotz der Sprachbarriere war die Atmosph\u00e4re voller Lachen und einfacher menschlicher Verst\u00e4ndigung.<\/p>\n<p data-start=\"4620\" data-end=\"4654\">Einblick in das Leben der Hirten<\/p>\n<p data-start=\"4656\" data-end=\"4883\">Das Erlebnis wird vom gemeinschaftlichen Tourismusprojekt &#8220;Shepherd\u2019s Way&#8221; organisiert, das den Hirten der Region helfen soll, zus\u00e4tzliches Einkommen zu erzielen, indem sie ihre traditionelle Lebensweise mit Besuchern teilen.<\/p>\n<p data-start=\"4885\" data-end=\"5088\">Nach Angaben der Organisatoren geh\u00f6rt der saisonale Auftrieb der Schafe auf die Sommerweiden, eine Tradition, die von den Familien der Region weiterhin gepflegt wird, zum immateriellen UNESCO Welterbe.<\/p>\n<p data-start=\"5090\" data-end=\"5308\">Normalerweise nehmen Besucher an T\u00e4tigkeiten wie H\u00fcten und Melken der Schafe teil, doch wegen des schlechten Wetters verbrachten sie den Tag mit Brotbacken, dem Trinken von Bergtee und Gespr\u00e4chen mit der Gastfamilie.<\/p>\n<p data-start=\"5310\" data-end=\"5340\">Wanderung zu alpinen Gipfeln<\/p>\n<p data-start=\"5342\" data-end=\"5521\">Eine der wichtigsten Wanderungen beginnt im Dorf L\u00ebpush\u00eb und f\u00fchrt \u00fcber einen Pfad durch Buchenw\u00e4lder und alpine Wiesen bis zum Gipfel der Maja e Vajush\u00ebs auf 1 859 Metern H\u00f6he.<\/p>\n<p data-start=\"5523\" data-end=\"5694\">Beim Abstieg machten die Besucher Halt in einem Stan, probierten frischen Joghurt und sammelten wilde Heidelbeeren, w\u00e4hrend sie im Dorf Honig von lokalen Imkern kauften.<\/p>\n<p data-start=\"5696\" data-end=\"5879\">Die Organisatoren betonen, dass die Verteilung der Touristen auch au\u00dferhalb der Hauptwanderwege hilft, \u00dcberf\u00fcllung zu vermeiden und Einkommen f\u00fcr Bergd\u00f6rfer wie L\u00ebpush\u00eb zu schaffen.<\/p>\n<p data-start=\"5881\" data-end=\"5920\">Theth, das Herz der albanischen Alpen<\/p>\n<p data-start=\"5922\" data-end=\"6125\">Ein weiterer wichtiger Halt ist das Tal von Theth, das als Herz der albanischen Alpen gilt. Der Abstieg zum Dorf bietet spektakul\u00e4re Ausblicke mit Kiefernw\u00e4ldern, steilen Felsen und nat\u00fcrlichen H\u00f6hlen.<\/p>\n<p data-start=\"6127\" data-end=\"6350\">Die Besucher \u00fcbernachteten in einem \u00fcber 200 Jahre alten traditionellen Turm, der zu einer famili\u00e4ren Pension umgebaut wurde, wo das Abendessen aus hausgemachten Speisen bestand und eine typische Bergatmosph\u00e4re herrschte.<\/p>\n<p data-start=\"6352\" data-end=\"6543\">Die Reise ging weiter mit Besuchen einiger der bekanntesten Naturorte der Region, wie den Becken von Nderlys\u00eb und dem Blauen Auge von Kaprre, wo die G\u00e4ste das klare Wasser genie\u00dfen konnten.<\/p>\n<p data-start=\"6545\" data-end=\"6767\" data-is-last-node=\"\" data-is-only-node=\"\">Laut dem Artikel von The Guardian ver\u00e4ndern sich die albanischen St\u00e4dte zwar schnell, doch die Erfahrung in den Bergen des Nordens bleibt eine der authentischsten M\u00f6glichkeiten, Natur und Traditionen des Landes zu erleben.<\/p>\n","protected":false},"excerpt":{"rendered":"<p>Die Journalistin Holly Tuppen beschreibt die Gastfreundschaft, die unber\u00fchrte Natur und das traditionelle Leben der Hirten im Norden Albaniens.<\/p>\n","protected":false},"author":6,"featured_media":908016,"comment_status":"closed","ping_status":"closed","sticky":false,"template":"","format":"standard","meta":{"footnotes":""},"categories":[34936,24631,24656],"tags":[],"vendi":[],"content_country":[],"class_list":["post-908174","post","type-post","status-publish","format-standard","has-post-thumbnail","hentry","category-shqiperia-5","category-nachrichten-de-2","category-tourismus"],"acf":[],"_links":{"self":[{"href":"https:\/\/www.albinfo.ch\/de\/wp-json\/wp\/v2\/posts\/908174","targetHints":{"allow":["GET"]}}],"collection":[{"href":"https:\/\/www.albinfo.ch\/de\/wp-json\/wp\/v2\/posts"}],"about":[{"href":"https:\/\/www.albinfo.ch\/de\/wp-json\/wp\/v2\/types\/post"}],"author":[{"embeddable":true,"href":"https:\/\/www.albinfo.ch\/de\/wp-json\/wp\/v2\/users\/6"}],"replies":[{"embeddable":true,"href":"https:\/\/www.albinfo.ch\/de\/wp-json\/wp\/v2\/comments?post=908174"}],"version-history":[{"count":1,"href":"https:\/\/www.albinfo.ch\/de\/wp-json\/wp\/v2\/posts\/908174\/revisions"}],"predecessor-version":[{"id":908175,"href":"https:\/\/www.albinfo.ch\/de\/wp-json\/wp\/v2\/posts\/908174\/revisions\/908175"}],"wp:featuredmedia":[{"embeddable":true,"href":"https:\/\/www.albinfo.ch\/de\/wp-json\/wp\/v2\/media\/908016"}],"wp:attachment":[{"href":"https:\/\/www.albinfo.ch\/de\/wp-json\/wp\/v2\/media?parent=908174"}],"wp:term":[{"taxonomy":"category","embeddable":true,"href":"https:\/\/www.albinfo.ch\/de\/wp-json\/wp\/v2\/categories?post=908174"},{"taxonomy":"post_tag","embeddable":true,"href":"https:\/\/www.albinfo.ch\/de\/wp-json\/wp\/v2\/tags?post=908174"},{"taxonomy":"vendi","embeddable":true,"href":"https:\/\/www.albinfo.ch\/de\/wp-json\/wp\/v2\/vendi?post=908174"},{"taxonomy":"content_country","embeddable":true,"href":"https:\/\/www.albinfo.ch\/de\/wp-json\/wp\/v2\/content_country?post=908174"}],"curies":[{"name":"wp","href":"https:\/\/api.w.org\/{rel}","templated":true}]}}