{"id":908544,"date":"2026-03-15T10:46:55","date_gmt":"2026-03-15T09:46:55","guid":{"rendered":"https:\/\/www.albinfo.ch\/?p=908544"},"modified":"2026-03-16T00:43:43","modified_gmt":"2026-03-15T23:43:43","slug":"heute-findet-in-bern-krone-der-freiheit-statt-gewidmet-dem-opfer-der-gefallenen","status":"publish","type":"post","link":"https:\/\/www.albinfo.ch\/de\/heute-findet-in-bern-krone-der-freiheit-statt-gewidmet-dem-opfer-der-gefallenen\/","title":{"rendered":"Heute findet in Bern &#8220;Krone der Freiheit&#8221; statt, gewidmet dem Opfer der Gefallenen"},"content":{"rendered":"<div class=\"text-base my-auto mx-auto [--thread-content-margin:var(--thread-content-margin-xs,calc(var(--spacing)*4))] @w-sm\/main:[--thread-content-margin:var(--thread-content-margin-sm,calc(var(--spacing)*6))] @w-lg\/main:[--thread-content-margin:var(--thread-content-margin-lg,calc(var(--spacing)*16))] px-(--thread-content-margin)\">\n<div class=\"[--thread-content-max-width:40rem] @w-lg\/main:[--thread-content-max-width:48rem] mx-auto max-w-(--thread-content-max-width) flex-1 group\/turn-messages focus-visible:outline-hidden relative flex w-full min-w-0 flex-col agent-turn\" tabindex=\"-1\">\n<div class=\"flex max-w-full flex-col gap-4 grow\">\n<div class=\"min-h-8 text-message relative flex w-full flex-col items-end gap-2 text-start break-words whitespace-normal [.text-message+&amp;]:mt-1\" dir=\"auto\" data-message-author-role=\"assistant\" data-message-id=\"5a628d28-314c-458a-847d-fda84755db3c\" data-message-model-slug=\"gpt-5-3\">\n<div class=\"flex w-full flex-col gap-1 empty:hidden\">\n<div class=\"markdown prose dark:prose-invert w-full wrap-break-word light markdown-new-styling\">\n<p data-start=\"3345\" data-end=\"3603\">Heute, am 14. M\u00e4rz, findet in der Kursaal Arena in Bern die Gedenkveranstaltung mit k\u00fcnstlerischem Programm &#8220;Krone der Freiheit&#8221; statt, die die albanische Diaspora zu einer besonderen Veranstaltung im Zeichen von Kultur und nationalem Gedenken zusammenbringt.<\/p>\n<p data-start=\"3605\" data-end=\"3882\">Die Veranstaltung wird vom Rat der albanischen Kulturvereine in der Schweiz zu Ehren des heiligen Opfers der Familie Jashari und aller Gefallenen f\u00fcr die Freiheit des Kosovo organisiert. Sie soll auch die Verbindung zwischen den Generationen der albanischen Diaspora st\u00e4rken.<\/p>\n<p data-start=\"3884\" data-end=\"4207\">Im Rahmen dieser Veranstaltung wird um 13.00 Uhr die Fotoausstellung er\u00f6ffnet, die durch Bilder die Erinnerung an Prekaz und das Opfer der Familie Jashari zeigt und einen Moment des Gedenkens an Geschichte und Werte der Freiheit bietet. &#8220;Prekazi Liebe, Schmerz und nationaler Stolz&#8221; ist ein Werk des Autors Sefer Ali\u00e7kaj.<\/p>\n<p data-start=\"4209\" data-end=\"4515\">Der feierliche Teil von &#8220;Krone der Freiheit&#8221;, der um 15.00 Uhr beginnt, wird durch die Teilnahme von Akademikern, Vertretern der politischen Beh\u00f6rden der Republik Kosovo, der Schweiz sowie von Mitgliedern der Familie des emblematischen Kommandanten Adem Jashari geehrt, die eigens aus Prekaz angereist sind.<\/p>\n<p data-start=\"4517\" data-end=\"4872\">Das k\u00fcnstlerische Programm ist sehr umfangreich und bringt Lieder, T\u00e4nze und instrumentale Darbietungen von zahlreichen albanischen K\u00fcnstlern und Ensembles aus der Schweiz auf die B\u00fchne. Im ersten Teil treten Lahutari, Albakult, Vatra, SHKA Dardania, SHKA Ilir\u00ebt, der Chor Lyra, SHKSH \u201cBashkimi&#8221; Bern, das Ensemble &#8220;Trojet&#8221; und der Chor &#8220;Lulekuqet\u201d auf.<\/p>\n<p data-start=\"4874\" data-end=\"5183\">Ein besonderer Programmpunkt ist ein zeitgen\u00f6ssischer Tanz kombiniert mit traditioneller albanischer Musik, aufgef\u00fchrt von Adora Hiler vom Verein &#8220;Dora d\u2019Istria&#8221; in Genf und Tara Avdullahu von SHKSH &#8220;Bashkimi&#8221; Bern, wodurch eine k\u00fcnstlerische Verbindung zwischen Tradition und moderner B\u00fchnenkunst entsteht.<\/p>\n<p data-start=\"5185\" data-end=\"5473\">Im Teil der traditionellen T\u00e4nze treten Ansambli i Valleve Vatra, Ansambli Arb\u00ebresha, SHKA Teuta, Shoqata e M\u00ebrgimtar\u00ebve Shqiptar\u00eb Atdheu, SHKA Dardania, Ansambli Shqiponja, SHKA Ilir\u00ebt und SHKSH Atdheu Thun auf und bringen eine gro\u00dfe Vielfalt albanischer Tanztraditionen auf die B\u00fchne.<\/p>\n<p data-start=\"5475\" data-end=\"5678\">Der Auftritt der K\u00fcnstler aus der Diaspora endet mit einem Gedenkmoment und einer instrumentalen Darbietung der Gruppe ArtBand. Durch das Programm f\u00fchren Vjosa Beqiri RTK und Dan Morina Studio Aktrimi.<\/p>\n<p data-start=\"5680\" data-end=\"5900\">Der H\u00f6hepunkt von &#8220;Kurora e Liris\u00eb&#8221; ist die k\u00fcnstlerische Auff\u00fchrung der Stars des Nationalensembles f\u00fcr albanische Lieder und T\u00e4nze &#8220;Shota&#8221; aus dem Kosovo unter der Leitung des k\u00fcnstlerischen Direktors Ylber Asllanaj.<\/p>\n<p data-start=\"5902\" data-end=\"6268\">Die Organisatoren laden alle Landsleute und Freunde der albanischen Kultur ein, an dieser besonderen Veranstaltung teilzunehmen. Durch Kunst, Musik und Tradition bringt &#8220;Krone der Freiheit&#8221; eine starke Botschaft der Erinnerung, der Dankbarkeit und der nationalen Einheit und wird zu einem wichtigen Moment der Zusammenkunft f\u00fcr die albanische Diaspora in der Schweiz.<\/p>\n<p data-start=\"6270\" data-end=\"6410\">Im Namen des Organisationsrates der albanischen Kulturvereine in der Schweiz,<br data-start=\"6347\" data-end=\"6350\" \/>Mirishahe Limani Hiler, Koordinatorin und Verantwortliche.<\/p>\n<p data-start=\"6412\" data-end=\"6568\">&#8220;Krone der Freiheit&#8221; ist eure Veranstaltung, die mit tiefer Ehrfurcht die 64 M\u00e4rtyrer des historischen Prekaz ehrt, ein Wallfahrtsort des albanischen Volkes.<\/p>\n<p data-start=\"6570\" data-end=\"6581\" data-is-last-node=\"\" data-is-only-node=\"\">Willkommen!<\/p>\n<\/div>\n<\/div>\n<\/div>\n<\/div>\n<div class=\"z-0 flex min-h-[46px] justify-start\"><\/div>\n<\/div>\n<\/div>\n","protected":false},"excerpt":{"rendered":"<p>Die Veranstaltung wird vom Rat der albanischen Kulturvereine in der Schweiz zu Ehren des heiligen Opfers der Familie Jashari und der anderen Gefallenen organisiert<\/p>\n","protected":false},"author":6,"featured_media":908078,"comment_status":"closed","ping_status":"closed","sticky":false,"template":"","format":"standard","meta":{"footnotes":""},"categories":[34918,24636,24667,1133,1138],"tags":[],"vendi":[],"content_country":[],"class_list":["post-908544","post","type-post","status-publish","format-standard","has-post-thumbnail","hentry","category-andere-de-5","category-nachrichten-de-4","category-ausstellung","category-e-diaspora-de","category-kultur"],"acf":[],"_links":{"self":[{"href":"https:\/\/www.albinfo.ch\/de\/wp-json\/wp\/v2\/posts\/908544","targetHints":{"allow":["GET"]}}],"collection":[{"href":"https:\/\/www.albinfo.ch\/de\/wp-json\/wp\/v2\/posts"}],"about":[{"href":"https:\/\/www.albinfo.ch\/de\/wp-json\/wp\/v2\/types\/post"}],"author":[{"embeddable":true,"href":"https:\/\/www.albinfo.ch\/de\/wp-json\/wp\/v2\/users\/6"}],"replies":[{"embeddable":true,"href":"https:\/\/www.albinfo.ch\/de\/wp-json\/wp\/v2\/comments?post=908544"}],"version-history":[{"count":2,"href":"https:\/\/www.albinfo.ch\/de\/wp-json\/wp\/v2\/posts\/908544\/revisions"}],"predecessor-version":[{"id":908546,"href":"https:\/\/www.albinfo.ch\/de\/wp-json\/wp\/v2\/posts\/908544\/revisions\/908546"}],"wp:featuredmedia":[{"embeddable":true,"href":"https:\/\/www.albinfo.ch\/de\/wp-json\/wp\/v2\/media\/908078"}],"wp:attachment":[{"href":"https:\/\/www.albinfo.ch\/de\/wp-json\/wp\/v2\/media?parent=908544"}],"wp:term":[{"taxonomy":"category","embeddable":true,"href":"https:\/\/www.albinfo.ch\/de\/wp-json\/wp\/v2\/categories?post=908544"},{"taxonomy":"post_tag","embeddable":true,"href":"https:\/\/www.albinfo.ch\/de\/wp-json\/wp\/v2\/tags?post=908544"},{"taxonomy":"vendi","embeddable":true,"href":"https:\/\/www.albinfo.ch\/de\/wp-json\/wp\/v2\/vendi?post=908544"},{"taxonomy":"content_country","embeddable":true,"href":"https:\/\/www.albinfo.ch\/de\/wp-json\/wp\/v2\/content_country?post=908544"}],"curies":[{"name":"wp","href":"https:\/\/api.w.org\/{rel}","templated":true}]}}