{"id":908553,"date":"2026-03-15T11:50:23","date_gmt":"2026-03-15T10:50:23","guid":{"rendered":"https:\/\/www.albinfo.ch\/?p=908553"},"modified":"2026-03-16T00:52:52","modified_gmt":"2026-03-15T23:52:52","slug":"albaner-gewinnen-vier-sitze-bei-den-gemeindewahlen-in-opfikon","status":"publish","type":"post","link":"https:\/\/www.albinfo.ch\/de\/albaner-gewinnen-vier-sitze-bei-den-gemeindewahlen-in-opfikon\/","title":{"rendered":"Albaner gewinnen vier Sitze bei den Gemeindewahlen in Opfikon"},"content":{"rendered":"<div class=\"flex flex-col text-sm pb-25\">\n<article class=\"text-token-text-primary w-full focus:outline-none [--shadow-height:45px] has-data-writing-block:pointer-events-none has-data-writing-block:-mt-(--shadow-height) has-data-writing-block:pt-(--shadow-height) [&amp;:has([data-writing-block])&gt;*]:pointer-events-auto scroll-mt-[calc(var(--header-height)+min(200px,max(70px,20svh)))]\" dir=\"auto\" tabindex=\"-1\" data-turn-id=\"request-69978cf9-751c-838b-9341-f3117ba36228-92\" data-testid=\"conversation-turn-984\" data-scroll-anchor=\"true\" data-turn=\"assistant\">\n<div class=\"text-base my-auto mx-auto pb-10 [--thread-content-margin:var(--thread-content-margin-xs,calc(var(--spacing)*4))] @w-sm\/main:[--thread-content-margin:var(--thread-content-margin-sm,calc(var(--spacing)*6))] @w-lg\/main:[--thread-content-margin:var(--thread-content-margin-lg,calc(var(--spacing)*16))] px-(--thread-content-margin)\">\n<div class=\"[--thread-content-max-width:40rem] @w-lg\/main:[--thread-content-max-width:48rem] mx-auto max-w-(--thread-content-max-width) flex-1 group\/turn-messages focus-visible:outline-hidden relative flex w-full min-w-0 flex-col agent-turn\" tabindex=\"-1\">\n<div class=\"flex max-w-full flex-col gap-4 grow\">\n<div class=\"min-h-8 text-message relative flex w-full flex-col items-end gap-2 text-start break-words whitespace-normal [.text-message+&amp;]:mt-1\" dir=\"auto\" data-message-author-role=\"assistant\" data-message-id=\"a227005d-2ef9-48ad-936b-a22cf71cab46\" data-message-model-slug=\"gpt-5-3\">\n<div class=\"flex w-full flex-col gap-1 empty:hidden\">\n<div class=\"markdown prose dark:prose-invert w-full wrap-break-word light markdown-new-styling\">\n<p data-start=\"1105\" data-end=\"1298\">Am 8. M\u00e4rz 2026 fanden die Gemeindewahlen in Opfikon Glattbrugg Glattpark statt, bei denen die B\u00fcrger die Vertreter gew\u00e4hlt haben, die die Gemeinde in den kommenden vier Jahren f\u00fchren werden.<\/p>\n<p data-start=\"1300\" data-end=\"1427\">Nach den ver\u00f6ffentlichten Ergebnissen wurden bei diesen Wahlen auch vier Kandidaten aus der albanischen Gemeinschaft gew\u00e4hlt.<\/p>\n<p data-start=\"1429\" data-end=\"1465\">In den Gemeinderat wurden gew\u00e4hlt:<\/p>\n<p data-start=\"1467\" data-end=\"1604\">H\u00ebna Sadriu von den Gr\u00fcnen<br data-start=\"1493\" data-end=\"1496\" \/>Ibrahim Zahiri vom Gemeindeverein Opfikon Glattbrugg<br data-start=\"1548\" data-end=\"1551\" \/>Fatmir Zahiri vom Gemeindeverein Opfikon Glattbrugg<\/p>\n<p data-start=\"1606\" data-end=\"1641\">In die Schulpflege wurde gew\u00e4hlt:<\/p>\n<p data-start=\"1643\" data-end=\"1669\">Shaban Haliti von der SP<\/p>\n<p data-start=\"1671\" data-end=\"1803\">Die Gemeindewahlen in Opfikon bestimmen die Zusammensetzung der kommunalen Institutionen f\u00fcr die kommende vierj\u00e4hrige Amtsperiode.<\/p>\n<p data-start=\"1805\" data-end=\"2184\" data-is-last-node=\"\" data-is-only-node=\"\">Opfikon ist eine Gemeinde im Kanton Z\u00fcrich und besteht aus den Ortsteilen Opfikon, Glattbrugg und Glattpark. Die Gemeinde hat rund 22 Tausend Einwohner und liegt in der N\u00e4he des Flughafens Z\u00fcrich. Sie gilt als eine der wichtigen wirtschaftlichen und urbanen Zonen in der Region Z\u00fcrich. Die kommunalen Beh\u00f6rden werden durch lokale Wahlen bestimmt, die alle vier Jahre stattfinden.<\/p>\n<\/div>\n<\/div>\n<\/div>\n<\/div>\n<div class=\"z-0 flex min-h-[46px] justify-start\"><\/div>\n<div class=\"mt-3 w-full empty:hidden\">\n<div class=\"text-center\"><\/div>\n<\/div>\n<\/div>\n<\/div>\n<\/article>\n<\/div>\n","protected":false},"excerpt":{"rendered":"<p>Am 8. M\u00e4rz 2026 fanden die Gemeindewahlen in Opfikon Glattbrugg Glattpark statt, bei denen die B\u00fcrger die Vertreter gew\u00e4hlt haben, die die Gemeinde in den kommenden vier Jahren f\u00fchren werden. Nach den ver\u00f6ffentlichten Ergebnissen wurden bei diesen Wahlen auch vier Kandidaten aus der albanischen Gemeinschaft gew\u00e4hlt. In den Gemeinderat wurden gew\u00e4hlt: H\u00ebna Sadriu von den [&hellip;]<\/p>\n","protected":false},"author":6,"featured_media":908058,"comment_status":"closed","ping_status":"closed","sticky":false,"template":"","format":"standard","meta":{"footnotes":""},"categories":[24636,1134,24006,1133,1140],"tags":[],"vendi":[],"content_country":[],"class_list":["post-908553","post","type-post","status-publish","format-standard","has-post-thumbnail","hentry","category-nachrichten-de-4","category-integration","category-lajme-jeta-ne-zvicer-de","category-e-diaspora-de","category-leben-in-der-schweiz"],"acf":[],"_links":{"self":[{"href":"https:\/\/www.albinfo.ch\/de\/wp-json\/wp\/v2\/posts\/908553","targetHints":{"allow":["GET"]}}],"collection":[{"href":"https:\/\/www.albinfo.ch\/de\/wp-json\/wp\/v2\/posts"}],"about":[{"href":"https:\/\/www.albinfo.ch\/de\/wp-json\/wp\/v2\/types\/post"}],"author":[{"embeddable":true,"href":"https:\/\/www.albinfo.ch\/de\/wp-json\/wp\/v2\/users\/6"}],"replies":[{"embeddable":true,"href":"https:\/\/www.albinfo.ch\/de\/wp-json\/wp\/v2\/comments?post=908553"}],"version-history":[{"count":1,"href":"https:\/\/www.albinfo.ch\/de\/wp-json\/wp\/v2\/posts\/908553\/revisions"}],"predecessor-version":[{"id":908554,"href":"https:\/\/www.albinfo.ch\/de\/wp-json\/wp\/v2\/posts\/908553\/revisions\/908554"}],"wp:featuredmedia":[{"embeddable":true,"href":"https:\/\/www.albinfo.ch\/de\/wp-json\/wp\/v2\/media\/908058"}],"wp:attachment":[{"href":"https:\/\/www.albinfo.ch\/de\/wp-json\/wp\/v2\/media?parent=908553"}],"wp:term":[{"taxonomy":"category","embeddable":true,"href":"https:\/\/www.albinfo.ch\/de\/wp-json\/wp\/v2\/categories?post=908553"},{"taxonomy":"post_tag","embeddable":true,"href":"https:\/\/www.albinfo.ch\/de\/wp-json\/wp\/v2\/tags?post=908553"},{"taxonomy":"vendi","embeddable":true,"href":"https:\/\/www.albinfo.ch\/de\/wp-json\/wp\/v2\/vendi?post=908553"},{"taxonomy":"content_country","embeddable":true,"href":"https:\/\/www.albinfo.ch\/de\/wp-json\/wp\/v2\/content_country?post=908553"}],"curies":[{"name":"wp","href":"https:\/\/api.w.org\/{rel}","templated":true}]}}