{"id":908561,"date":"2026-03-15T12:40:23","date_gmt":"2026-03-15T11:40:23","guid":{"rendered":"https:\/\/www.albinfo.ch\/?p=908561"},"modified":"2026-03-16T01:04:19","modified_gmt":"2026-03-16T00:04:19","slug":"14-jaehrige-albanerin-aus-wien-begeistert-die-jury-bei-the-voice-of-kids-in-deutschland","status":"publish","type":"post","link":"https:\/\/www.albinfo.ch\/de\/14-jaehrige-albanerin-aus-wien-begeistert-die-jury-bei-the-voice-of-kids-in-deutschland\/","title":{"rendered":"14 j\u00e4hrige Albanerin aus Wien begeistert die Jury bei &#8220;The Voice of Kids&#8221; in Deutschland"},"content":{"rendered":"<p data-start=\"1410\" data-end=\"1659\">Lionella kann in Sachen Selbstvertrauen bereits mit Rap Stars mithalten. Das Motto der Sch\u00fclerin aus Wien lautet: &#8220;Wenn ich etwas will, schaffe ich es&#8221;, so beschreibt die deutsche Zeitung bild.de den Auftritt der 14 J\u00e4hrigen, berichtet albinfo.at.<\/p>\n<p data-start=\"1661\" data-end=\"1840\">Wie albinfo.at schreibt, hei\u00dft die talentierte Rapperin Lionella Jakaj. Sie wurde in Wien geboren und hat albanische Wurzeln, ihre Eltern stammen beide aus der Gemeinde Gjakova.<\/p>\n<p data-start=\"1842\" data-end=\"2063\">Lionella trat mit dem Lied &#8220;Easy&#8221; ihrer Idol, der bekannten albanischen Rapperin Loredana, auf. Ihr Ziel war es, so gut wie m\u00f6glich zu performen und eines der Jury Mitglieder zu \u00fcberzeugen, sie in sein Team aufzunehmen.<\/p>\n<p data-start=\"2065\" data-end=\"2129\">Sie begeisterte nicht nur die Jury, sondern auch das Publikum.<\/p>\n<p data-start=\"2131\" data-end=\"2530\">Als Lionella am Freitagabend in der TV Show auf SAT 1 selbstbewusst die B\u00fchne betritt, richtet sie sich sofort an das Publikum und ruft: &#8220;Hallo Berlin!&#8221;. Die Jury ist \u00fcberrascht. Was sofort auff\u00e4llt, ist, dass sie den Song perfekt singt. Die 14 J\u00e4hrige beherrscht die B\u00fchne und gewinnt sofort auch das Publikum f\u00fcr sich. W\u00e4hrend der ganzen Performance gibt es gro\u00dfen Applaus, berichtet albinfo.at.<\/p>\n<p data-start=\"2532\" data-end=\"2687\" data-is-last-node=\"\" data-is-only-node=\"\">Am Ende wollte jedes Jury Mitglied sie in seinem Team haben. Nach einem richtigen Wettstreit entschied sich Lionella f\u00fcr das Team der beiden Br\u00fcder Lochis.\/Albinfo.at<\/p>\n<p><a href=\"https:\/\/www.joyn.at\/bts\/serien\/the-voice-kids\/rap-lionella-loredana-tvk-coaches-ziehen-joker-80977\">https:\/\/www.joyn.at\/bts\/serien\/the-voice-kids\/rap-lionella-loredana-tvk-coaches-ziehen-joker-80977<\/a><\/p>\n","protected":false},"excerpt":{"rendered":"<p>Lionella Jakaj \u00ebsht\u00eb e lindur n\u00eb Vjen\u00eb, me origjin\u00eb shqiptare nga dy prind\u00ebr nga komuna e Gjakov\u00ebs.<\/p>\n","protected":false},"author":6,"featured_media":908054,"comment_status":"closed","ping_status":"closed","sticky":false,"template":"","format":"standard","meta":{"footnotes":""},"categories":[23263,24636,24659,1130,3952,23269,22803,23120,23262,1129,1133,1138],"tags":[],"vendi":[],"content_country":[],"class_list":["post-908561","post","type-post","status-publish","format-standard","has-post-thumbnail","hentry","category-kosova-de-2","category-nachrichten-de-4","category-musik","category-aktuell","category-kosova-de","category-news","category-leben-in-osterreich-de","category-nachrichten","category-at-balkani-de","category-ch-balkan","category-e-diaspora-de","category-kultur"],"acf":[],"_links":{"self":[{"href":"https:\/\/www.albinfo.ch\/de\/wp-json\/wp\/v2\/posts\/908561","targetHints":{"allow":["GET"]}}],"collection":[{"href":"https:\/\/www.albinfo.ch\/de\/wp-json\/wp\/v2\/posts"}],"about":[{"href":"https:\/\/www.albinfo.ch\/de\/wp-json\/wp\/v2\/types\/post"}],"author":[{"embeddable":true,"href":"https:\/\/www.albinfo.ch\/de\/wp-json\/wp\/v2\/users\/6"}],"replies":[{"embeddable":true,"href":"https:\/\/www.albinfo.ch\/de\/wp-json\/wp\/v2\/comments?post=908561"}],"version-history":[{"count":1,"href":"https:\/\/www.albinfo.ch\/de\/wp-json\/wp\/v2\/posts\/908561\/revisions"}],"predecessor-version":[{"id":908562,"href":"https:\/\/www.albinfo.ch\/de\/wp-json\/wp\/v2\/posts\/908561\/revisions\/908562"}],"wp:featuredmedia":[{"embeddable":true,"href":"https:\/\/www.albinfo.ch\/de\/wp-json\/wp\/v2\/media\/908054"}],"wp:attachment":[{"href":"https:\/\/www.albinfo.ch\/de\/wp-json\/wp\/v2\/media?parent=908561"}],"wp:term":[{"taxonomy":"category","embeddable":true,"href":"https:\/\/www.albinfo.ch\/de\/wp-json\/wp\/v2\/categories?post=908561"},{"taxonomy":"post_tag","embeddable":true,"href":"https:\/\/www.albinfo.ch\/de\/wp-json\/wp\/v2\/tags?post=908561"},{"taxonomy":"vendi","embeddable":true,"href":"https:\/\/www.albinfo.ch\/de\/wp-json\/wp\/v2\/vendi?post=908561"},{"taxonomy":"content_country","embeddable":true,"href":"https:\/\/www.albinfo.ch\/de\/wp-json\/wp\/v2\/content_country?post=908561"}],"curies":[{"name":"wp","href":"https:\/\/api.w.org\/{rel}","templated":true}]}}