{"id":918421,"date":"2026-04-25T10:50:08","date_gmt":"2026-04-25T08:50:08","guid":{"rendered":"https:\/\/www.albinfo.ch\/egzona-veseli-diplomon-ne-master-per-drejtesi-ne-bern\/"},"modified":"2026-04-26T03:15:34","modified_gmt":"2026-04-26T01:15:34","slug":"egzona-veseli-diplomon-ne-master-per-drejtesi-ne-bern","status":"publish","type":"post","link":"https:\/\/www.albinfo.ch\/de\/egzona-veseli-diplomon-ne-master-per-drejtesi-ne-bern\/","title":{"rendered":"Egzona Veseli schlie\u00dft ihren Master in Recht in Bern ab"},"content":{"rendered":"<p data-start=\"797\" data-end=\"959\">Egzona Veseli aus Krusha e Madhe bei Rahovec hat erfolgreich ihr Masterstudium in Recht in Bern in der Schweiz abgeschlossen, berichtet albinfo.ch.<\/p>\n<p data-start=\"961\" data-end=\"1198\">Dieser Erfolg stellt einen wichtigen Schritt in ihrem akademischen und beruflichen Werdegang dar und zeigt, dass junge Menschen aus dem Kosovo, insbesondere Frauen, weiterhin Erfolge an den renommiertesten Universit\u00e4ten Europas erzielen.<\/p>\n<p data-start=\"1200\" data-end=\"1403\">Der Erfolg von Veseli gilt als Beispiel f\u00fcr Engagement, harte Arbeit und Ehrgeiz und ihre Leistungen sind eine Motivation f\u00fcr viele andere junge Menschen, die ihre Zukunft durch Bildung aufbauen m\u00f6chten.<\/p>\n<p data-start=\"1405\" data-end=\"1573\" data-is-last-node=\"\" data-is-only-node=\"\">Mit ihren Ergebnissen werden kosovarische Studierende in der Diaspora zu den besten Botschaftern ihres Landes und vertreten Kosovo w\u00fcrdig auf der internationalen B\u00fchne.\/Albinfo.ch<\/p>\n","protected":false},"excerpt":{"rendered":"<p>    Egzona Veseli schlie\u00dft ihr Masterstudium in Bern ab, ein Beispiel f\u00fcr den Erfolg albanischer Frauen<\/p>\n","protected":false},"author":31,"featured_media":917986,"comment_status":"closed","ping_status":"closed","sticky":false,"template":"","format":"standard","meta":{"footnotes":""},"categories":[23263,24636,1134,1135,3952,23262,24006,24631,1129,1133,1140],"tags":[],"vendi":[],"content_country":[29888,31836,31837],"class_list":["post-918421","post","type-post","status-publish","format-standard","has-post-thumbnail","hentry","category-kosova-de-2","category-nachrichten-de-4","category-integration","category-frauen","category-kosova-de","category-at-balkani-de","category-lajme-jeta-ne-zvicer-de","category-nachrichten-de-2","category-ch-balkan","category-e-diaspora-de","category-leben-in-der-schweiz","content_country-zvicer","content_country-austria-de","content_country-germany-de"],"acf":[],"_links":{"self":[{"href":"https:\/\/www.albinfo.ch\/de\/wp-json\/wp\/v2\/posts\/918421","targetHints":{"allow":["GET"]}}],"collection":[{"href":"https:\/\/www.albinfo.ch\/de\/wp-json\/wp\/v2\/posts"}],"about":[{"href":"https:\/\/www.albinfo.ch\/de\/wp-json\/wp\/v2\/types\/post"}],"author":[{"embeddable":true,"href":"https:\/\/www.albinfo.ch\/de\/wp-json\/wp\/v2\/users\/31"}],"replies":[{"embeddable":true,"href":"https:\/\/www.albinfo.ch\/de\/wp-json\/wp\/v2\/comments?post=918421"}],"version-history":[{"count":2,"href":"https:\/\/www.albinfo.ch\/de\/wp-json\/wp\/v2\/posts\/918421\/revisions"}],"predecessor-version":[{"id":918423,"href":"https:\/\/www.albinfo.ch\/de\/wp-json\/wp\/v2\/posts\/918421\/revisions\/918423"}],"wp:featuredmedia":[{"embeddable":true,"href":"https:\/\/www.albinfo.ch\/de\/wp-json\/wp\/v2\/media\/917986"}],"wp:attachment":[{"href":"https:\/\/www.albinfo.ch\/de\/wp-json\/wp\/v2\/media?parent=918421"}],"wp:term":[{"taxonomy":"category","embeddable":true,"href":"https:\/\/www.albinfo.ch\/de\/wp-json\/wp\/v2\/categories?post=918421"},{"taxonomy":"post_tag","embeddable":true,"href":"https:\/\/www.albinfo.ch\/de\/wp-json\/wp\/v2\/tags?post=918421"},{"taxonomy":"vendi","embeddable":true,"href":"https:\/\/www.albinfo.ch\/de\/wp-json\/wp\/v2\/vendi?post=918421"},{"taxonomy":"content_country","embeddable":true,"href":"https:\/\/www.albinfo.ch\/de\/wp-json\/wp\/v2\/content_country?post=918421"}],"curies":[{"name":"wp","href":"https:\/\/api.w.org\/{rel}","templated":true}]}}