{"id":918429,"date":"2026-04-25T11:55:39","date_gmt":"2026-04-25T09:55:39","guid":{"rendered":"https:\/\/www.albinfo.ch\/melisa-ibrahimi-shpallet-ambasadore-artistike-e-kosoves-ne-spanje\/"},"modified":"2026-04-26T03:24:49","modified_gmt":"2026-04-26T01:24:49","slug":"melisa-ibrahimi-shpallet-ambasadore-artistike-e-kosoves-ne-spanje","status":"publish","type":"post","link":"https:\/\/www.albinfo.ch\/de\/melisa-ibrahimi-shpallet-ambasadore-artistike-e-kosoves-ne-spanje\/","title":{"rendered":"Melisa Ibrahimi wird zur k\u00fcnstlerischen Botschafterin des Kosovo in Spanien ernannt"},"content":{"rendered":"<p class=\"p1\">Die junge Pianistin aus Mitrovica, Melisa Ibrahimi, hat einen bedeutenden Erfolg auf der internationalen B\u00fchne der klassischen Musik erzielt und wurde zur &#8220;k\u00fcnstlerischen Botschafterin des Kosovo in Spanien&#8221; ernannt, berichtet albinfo.ch.<\/p>\n<p>&nbsp;<\/p>\n<figure id=\"attachment_917992\" aria-describedby=\"caption-attachment-917992\" style=\"width: 500px\" class=\"wp-caption alignnone\"><img loading=\"lazy\" decoding=\"async\" class=\"wp-image-917992\" src=\"https:\/\/www.albinfo.ch\/wp-content\/uploads\/2026\/04\/img_9051-768x1024.jpeg\" alt=\"\" width=\"500\" height=\"667\" srcset=\"https:\/\/www.albinfo.ch\/wp-content\/uploads\/2026\/04\/img_9051-768x1024.jpeg 768w, https:\/\/www.albinfo.ch\/wp-content\/uploads\/2026\/04\/img_9051-225x300.jpeg 225w, https:\/\/www.albinfo.ch\/wp-content\/uploads\/2026\/04\/img_9051-1152x1536.jpeg 1152w, https:\/\/www.albinfo.ch\/wp-content\/uploads\/2026\/04\/img_9051-297x396.jpeg 297w, https:\/\/www.albinfo.ch\/wp-content\/uploads\/2026\/04\/img_9051-75x100.jpeg 75w, https:\/\/www.albinfo.ch\/wp-content\/uploads\/2026\/04\/img_9051-131x175.jpeg 131w, https:\/\/www.albinfo.ch\/wp-content\/uploads\/2026\/04\/img_9051.jpeg 1536w\" sizes=\"auto, (max-width: 500px) 100vw, 500px\" \/><figcaption id=\"caption-attachment-917992\" class=\"wp-caption-text\">Melisa Ibrahimi<\/figcaption><\/figure>\n<p>&nbsp;<\/p>\n<p data-start=\"644\" data-end=\"892\">Sie wurde au\u00dferdem mit dem renommierten Preis &#8220;Award of Supreme Excellence&#8221; von der Organisation World Piano Association Spain ausgezeichnet, eine Anerkennung, die ihr Talent und ihr Engagement in der klassischen Musik unterstreicht.<\/p>\n<p data-start=\"894\" data-end=\"1073\">Dieser Erfolg gilt als bedeutende Leistung nicht nur f\u00fcr ihre pers\u00f6nliche Karriere, sondern auch f\u00fcr die F\u00f6rderung der kosovarischen Kultur und des Talents auf der globalen B\u00fchne.<\/p>\n<p data-start=\"1075\" data-end=\"1297\" data-is-last-node=\"\" data-is-only-node=\"\">Durch ihre k\u00fcnstlerische Arbeit und ihre Leidenschaft f\u00fcr die Musik tr\u00e4gt Melisa Ibrahimi zur St\u00e4rkung der kulturellen Beziehungen zwischen Kosovo und Spanien bei und vertritt ihr Land w\u00fcrdig auf der internationalen B\u00fchne.\/Albinfo.ch<\/p>\n","protected":false},"excerpt":{"rendered":"<p>Die Pianistin aus Mitrovica wird mit dem renommierten Preis &#8220;Award of Supreme Excellence&#8221; ausgezeichnet<\/p>\n","protected":false},"author":31,"featured_media":917991,"comment_status":"closed","ping_status":"closed","sticky":false,"template":"","format":"standard","meta":{"footnotes":""},"categories":[23263,24636,24659,3952,23262,24631,1129,1133,1138],"tags":[],"vendi":[],"content_country":[29888,31836,31837],"class_list":["post-918429","post","type-post","status-publish","format-standard","has-post-thumbnail","hentry","category-kosova-de-2","category-nachrichten-de-4","category-musik","category-kosova-de","category-at-balkani-de","category-nachrichten-de-2","category-ch-balkan","category-e-diaspora-de","category-kultur","content_country-zvicer","content_country-austria-de","content_country-germany-de"],"acf":[],"_links":{"self":[{"href":"https:\/\/www.albinfo.ch\/de\/wp-json\/wp\/v2\/posts\/918429","targetHints":{"allow":["GET"]}}],"collection":[{"href":"https:\/\/www.albinfo.ch\/de\/wp-json\/wp\/v2\/posts"}],"about":[{"href":"https:\/\/www.albinfo.ch\/de\/wp-json\/wp\/v2\/types\/post"}],"author":[{"embeddable":true,"href":"https:\/\/www.albinfo.ch\/de\/wp-json\/wp\/v2\/users\/31"}],"replies":[{"embeddable":true,"href":"https:\/\/www.albinfo.ch\/de\/wp-json\/wp\/v2\/comments?post=918429"}],"version-history":[{"count":2,"href":"https:\/\/www.albinfo.ch\/de\/wp-json\/wp\/v2\/posts\/918429\/revisions"}],"predecessor-version":[{"id":918431,"href":"https:\/\/www.albinfo.ch\/de\/wp-json\/wp\/v2\/posts\/918429\/revisions\/918431"}],"wp:featuredmedia":[{"embeddable":true,"href":"https:\/\/www.albinfo.ch\/de\/wp-json\/wp\/v2\/media\/917991"}],"wp:attachment":[{"href":"https:\/\/www.albinfo.ch\/de\/wp-json\/wp\/v2\/media?parent=918429"}],"wp:term":[{"taxonomy":"category","embeddable":true,"href":"https:\/\/www.albinfo.ch\/de\/wp-json\/wp\/v2\/categories?post=918429"},{"taxonomy":"post_tag","embeddable":true,"href":"https:\/\/www.albinfo.ch\/de\/wp-json\/wp\/v2\/tags?post=918429"},{"taxonomy":"vendi","embeddable":true,"href":"https:\/\/www.albinfo.ch\/de\/wp-json\/wp\/v2\/vendi?post=918429"},{"taxonomy":"content_country","embeddable":true,"href":"https:\/\/www.albinfo.ch\/de\/wp-json\/wp\/v2\/content_country?post=918429"}],"curies":[{"name":"wp","href":"https:\/\/api.w.org\/{rel}","templated":true}]}}