{"id":918549,"date":"2026-04-26T12:50:04","date_gmt":"2026-04-26T10:50:04","guid":{"rendered":"https:\/\/www.albinfo.ch\/me-103-vota-kuvendi-ratifikon-anetaresimin-e-kosoves-ne-bordin-e-paqes\/"},"modified":"2026-04-26T21:28:11","modified_gmt":"2026-04-26T19:28:11","slug":"me-103-vota-kuvendi-ratifikon-anetaresimin-e-kosoves-ne-bordin-e-paqes","status":"publish","type":"post","link":"https:\/\/www.albinfo.ch\/de\/me-103-vota-kuvendi-ratifikon-anetaresimin-e-kosoves-ne-bordin-e-paqes\/","title":{"rendered":"Mit 103 Stimmen ratifiziert das Parlament den Beitritt des Kosovo zum Friedensrat"},"content":{"rendered":"<p data-start=\"517\" data-end=\"673\">Das Parlament des Kosovo hat das Gesetz verabschiedet, durch das Kosovo offiziell Mitglied im Friedensrat geworden ist, berichtet albinfo.ch.<\/p>\n<p data-start=\"675\" data-end=\"839\">Der Beitritt wurde mit 103 Stimmen daf\u00fcr, keiner Gegenstimme und keiner Enthaltung beschlossen, was eine breite Unterst\u00fctzung im Parlament f\u00fcr diesen Schritt zeigt.<\/p>\n<p data-start=\"841\" data-end=\"1020\" data-is-last-node=\"\" data-is-only-node=\"\">Diese Entscheidung gilt als wichtig f\u00fcr die St\u00e4rkung der Rolle des Kosovo in internationalen Initiativen zur F\u00f6rderung von Frieden, Stabilit\u00e4t und Zusammenarbeit zwischen Staaten.\/Albinfo.ch<\/p>\n","protected":false},"excerpt":{"rendered":"<p>Das Parlament verabschiedet das Gesetz, Kosovo wird Mitglied im Friedensrat<\/p>\n","protected":false},"author":31,"featured_media":457739,"comment_status":"closed","ping_status":"closed","sticky":false,"template":"","format":"standard","meta":{"footnotes":""},"categories":[23263,3952,23262,24631,1129],"tags":[],"vendi":[],"content_country":[29888,31836,31837],"class_list":["post-918549","post","type-post","status-publish","format-standard","has-post-thumbnail","hentry","category-kosova-de-2","category-kosova-de","category-at-balkani-de","category-nachrichten-de-2","category-ch-balkan","content_country-zvicer","content_country-austria-de","content_country-germany-de"],"acf":[],"_links":{"self":[{"href":"https:\/\/www.albinfo.ch\/de\/wp-json\/wp\/v2\/posts\/918549","targetHints":{"allow":["GET"]}}],"collection":[{"href":"https:\/\/www.albinfo.ch\/de\/wp-json\/wp\/v2\/posts"}],"about":[{"href":"https:\/\/www.albinfo.ch\/de\/wp-json\/wp\/v2\/types\/post"}],"author":[{"embeddable":true,"href":"https:\/\/www.albinfo.ch\/de\/wp-json\/wp\/v2\/users\/31"}],"replies":[{"embeddable":true,"href":"https:\/\/www.albinfo.ch\/de\/wp-json\/wp\/v2\/comments?post=918549"}],"version-history":[{"count":2,"href":"https:\/\/www.albinfo.ch\/de\/wp-json\/wp\/v2\/posts\/918549\/revisions"}],"predecessor-version":[{"id":918551,"href":"https:\/\/www.albinfo.ch\/de\/wp-json\/wp\/v2\/posts\/918549\/revisions\/918551"}],"wp:featuredmedia":[{"embeddable":true,"href":"https:\/\/www.albinfo.ch\/de\/wp-json\/wp\/v2\/media\/457739"}],"wp:attachment":[{"href":"https:\/\/www.albinfo.ch\/de\/wp-json\/wp\/v2\/media?parent=918549"}],"wp:term":[{"taxonomy":"category","embeddable":true,"href":"https:\/\/www.albinfo.ch\/de\/wp-json\/wp\/v2\/categories?post=918549"},{"taxonomy":"post_tag","embeddable":true,"href":"https:\/\/www.albinfo.ch\/de\/wp-json\/wp\/v2\/tags?post=918549"},{"taxonomy":"vendi","embeddable":true,"href":"https:\/\/www.albinfo.ch\/de\/wp-json\/wp\/v2\/vendi?post=918549"},{"taxonomy":"content_country","embeddable":true,"href":"https:\/\/www.albinfo.ch\/de\/wp-json\/wp\/v2\/content_country?post=918549"}],"curies":[{"name":"wp","href":"https:\/\/api.w.org\/{rel}","templated":true}]}}