{"id":918590,"date":"2026-04-27T09:45:25","date_gmt":"2026-04-27T07:45:25","guid":{"rendered":"https:\/\/www.albinfo.ch\/kosova-dhe-belgjika-nenshkruajne-marreveshje-per-ndihme-te-ndersjelle-juridike-ne-ceshtjet-penale\/"},"modified":"2026-04-27T09:01:38","modified_gmt":"2026-04-27T07:01:38","slug":"kosova-dhe-belgjika-nenshkruajne-marreveshje-per-ndihme-te-ndersjelle-juridike-ne-ceshtjet-penale","status":"publish","type":"post","link":"https:\/\/www.albinfo.ch\/de\/kosova-dhe-belgjika-nenshkruajne-marreveshje-per-ndihme-te-ndersjelle-juridike-ne-ceshtjet-penale\/","title":{"rendered":"Kosovo und Belgien unterzeichnen ein Abkommen \u00fcber gegenseitige Rechtshilfe in Strafsachen"},"content":{"rendered":"<p data-start=\"1277\" data-end=\"1562\">Die Justizministerin des Kosovo, Donika G\u00ebrvalla, hat w\u00e4hrend eines offiziellen Besuchs im K\u00f6nigreich Belgien ein Abkommen \u00fcber gegenseitige Rechtshilfe in Strafsachen mit ihrer belgischen Amtskollegin, Ministerin Annelies Verlinden, unterzeichnet, berichtet albinfo.ch.<\/p>\n<p data-start=\"1564\" data-end=\"1753\">Laut offizieller Mitteilung erkl\u00e4rte G\u00ebrvalla, dass dieses Abkommen zwischen zwei befreundeten L\u00e4ndern die Effizienz im Kampf gegen grenz\u00fcberschreitende Kriminalit\u00e4t direkt verbessern soll.<\/p>\n<p data-start=\"1755\" data-end=\"2142\">&#8220;Das Abkommen schafft die rechtliche Grundlage f\u00fcr die Einrichtung gemeinsamer Ermittlungsgruppen und umfasst fortschrittliche Bestimmungen zur Einfrierung, Beschlagnahmung und Einziehung von Verm\u00f6genswerten, zum Austausch von Beweisen und Informationen sowie zur Durchf\u00fchrung von Zeugenaussagen per Videokonferenz, im Einklang mit den modernsten internationalen Praktiken&#8221;, betonte sie.<\/p>\n<p data-start=\"2144\" data-end=\"2431\">Die Ministerin erkl\u00e4rte, dass durch dieses Abkommen die Formen und Mechanismen der Rechtshilfe in Strafsachen klar definiert werden, einschlie\u00dflich der Bedingungen f\u00fcr die Gew\u00e4hrung von Hilfe, der Ablehnungsgr\u00fcnde, der anwendbaren Gesetzgebung und der Verfahren bei Kooperationsanfragen.<\/p>\n<p data-start=\"2433\" data-end=\"2645\" data-is-last-node=\"\" data-is-only-node=\"\">Abschlie\u00dfend dankte G\u00ebrvalla der belgischen Ministerin Verlinden f\u00fcr den Empfang und das konstruktive Gespr\u00e4ch und w\u00fcrdigte das gemeinsame Engagement zur Vertiefung der Zusammenarbeit zwischen Kosovo und Belgien.\/Albinfo.ch<\/p>\n","protected":false},"excerpt":{"rendered":"<p>Das Abkommen soll die Effizienz im Kampf gegen grenz\u00fcberschreitende Kriminalit\u00e4t erh\u00f6hen und schafft eine rechtliche Grundlage f\u00fcr gemeinsame Ermittlungsgruppen<\/p>\n","protected":false},"author":31,"featured_media":918251,"comment_status":"closed","ping_status":"closed","sticky":false,"template":"","format":"standard","meta":{"footnotes":""},"categories":[23263,3952,23262,24631,1129],"tags":[],"vendi":[],"content_country":[29888,31836,31837],"class_list":["post-918590","post","type-post","status-publish","format-standard","has-post-thumbnail","hentry","category-kosova-de-2","category-kosova-de","category-at-balkani-de","category-nachrichten-de-2","category-ch-balkan","content_country-zvicer","content_country-austria-de","content_country-germany-de"],"acf":[],"_links":{"self":[{"href":"https:\/\/www.albinfo.ch\/de\/wp-json\/wp\/v2\/posts\/918590","targetHints":{"allow":["GET"]}}],"collection":[{"href":"https:\/\/www.albinfo.ch\/de\/wp-json\/wp\/v2\/posts"}],"about":[{"href":"https:\/\/www.albinfo.ch\/de\/wp-json\/wp\/v2\/types\/post"}],"author":[{"embeddable":true,"href":"https:\/\/www.albinfo.ch\/de\/wp-json\/wp\/v2\/users\/31"}],"replies":[{"embeddable":true,"href":"https:\/\/www.albinfo.ch\/de\/wp-json\/wp\/v2\/comments?post=918590"}],"version-history":[{"count":2,"href":"https:\/\/www.albinfo.ch\/de\/wp-json\/wp\/v2\/posts\/918590\/revisions"}],"predecessor-version":[{"id":918592,"href":"https:\/\/www.albinfo.ch\/de\/wp-json\/wp\/v2\/posts\/918590\/revisions\/918592"}],"wp:featuredmedia":[{"embeddable":true,"href":"https:\/\/www.albinfo.ch\/de\/wp-json\/wp\/v2\/media\/918251"}],"wp:attachment":[{"href":"https:\/\/www.albinfo.ch\/de\/wp-json\/wp\/v2\/media?parent=918590"}],"wp:term":[{"taxonomy":"category","embeddable":true,"href":"https:\/\/www.albinfo.ch\/de\/wp-json\/wp\/v2\/categories?post=918590"},{"taxonomy":"post_tag","embeddable":true,"href":"https:\/\/www.albinfo.ch\/de\/wp-json\/wp\/v2\/tags?post=918590"},{"taxonomy":"vendi","embeddable":true,"href":"https:\/\/www.albinfo.ch\/de\/wp-json\/wp\/v2\/vendi?post=918590"},{"taxonomy":"content_country","embeddable":true,"href":"https:\/\/www.albinfo.ch\/de\/wp-json\/wp\/v2\/content_country?post=918590"}],"curies":[{"name":"wp","href":"https:\/\/api.w.org\/{rel}","templated":true}]}}