{"id":918614,"date":"2026-04-27T12:55:39","date_gmt":"2026-04-27T10:55:39","guid":{"rendered":"https:\/\/www.albinfo.ch\/angelin-preljocaj-ne-qender-te-nje-mbremjeje-artistike-ne-muzeun-luver\/"},"modified":"2026-04-27T09:24:29","modified_gmt":"2026-04-27T07:24:29","slug":"angelin-preljocaj-ne-qender-te-nje-mbremjeje-artistike-ne-muzeun-luver","status":"publish","type":"post","link":"https:\/\/www.albinfo.ch\/de\/angelin-preljocaj-ne-qender-te-nje-mbremjeje-artistike-ne-muzeun-luver\/","title":{"rendered":"Angelin Preljocaj im Mittelpunkt eines k\u00fcnstlerischen Abends im Louvre Museum"},"content":{"rendered":"<p data-start=\"1589\" data-end=\"1844\">Ein besonderer k\u00fcnstlerischer Abend fand im Mus\u00e9e du Louvre in Paris statt, wo das Ballett der Pariser Oper unter der ikonischen Pyramide des Museums im Rahmen der Ausstellung \u201cMichel Ange Rodin Living bodies\u201d auftrat, berichtet albinfo.ch.<\/p>\n<p data-start=\"1846\" data-end=\"2119\">Im Mittelpunkt dieses au\u00dfergew\u00f6hnlichen Abends stand der Choreograf albanischer Herkunft Angelin Preljocaj, der sein bekanntes Werk &#8220;Le Parc&#8221; pr\u00e4sentierte, das vom Publikum mit Begeisterung f\u00fcr seine Eleganz, Sensibilit\u00e4t und k\u00fcnstlerische Ausdruckskraft aufgenommen wurde.<\/p>\n<p data-start=\"2121\" data-end=\"2355\">Die Pr\u00e4senz von Preljocaj in einem der prestigetr\u00e4chtigsten Kulturorte der Welt gilt als bedeutender Moment, nicht nur f\u00fcr seine Karriere, sondern auch f\u00fcr die Pr\u00e4sentation von Kunst mit albanischem Ursprung auf internationaler Ebene.<\/p>\n<p data-start=\"2357\" data-end=\"2721\">Begleitet von Musikern des Orchesters der Pariser Oper bot die Veranstaltung zwei Auff\u00fchrungen, die als unvergesslich bewertet wurden und eine besondere Verbindung zwischen Tanz und bildender Kunst schufen. Der Abend stellte die Ausdruckskraft der Bewegung, die Sch\u00f6nheit des K\u00f6rpers in Dynamik und den intimen Dialog zwischen Tanz und Skulptur in den Vordergrund.<\/p>\n<p data-start=\"2723\" data-end=\"2873\">Das Programm umfasste auch bekannte Werke wie &#8220;Rhapsody&#8221; von Frederick Ashton, &#8220;Three Gnossiennes&#8221; von Hans van Manen und &#8220;Supercorps&#8221; von Yvon Demol.<\/p>\n<p data-start=\"2875\" data-end=\"3143\" data-is-last-node=\"\" data-is-only-node=\"\">Diese au\u00dfergew\u00f6hnliche Veranstaltung best\u00e4tigte erneut die Rolle von Paris als weltweites Zentrum der Kultur, w\u00e4hrend der Erfolg von &#8220;Le Parc&#8221; den Einfluss und den Beitrag von K\u00fcnstlern mit albanischer Herkunft auf den bedeutendsten internationalen B\u00fchnen unterstrich. \/Albinfo.ch<\/p>\n","protected":false},"excerpt":{"rendered":"<p>Der Choreograf albanischer Herkunft pr\u00e4sentierte das Werk \u201cLe Parc\u201d unter der ikonischen Pyramide des Louvre im Rahmen der Ausstellung \u201cMichel Ange Rodin Living bodies\u201d<\/p>\n","protected":false},"author":31,"featured_media":918263,"comment_status":"closed","ping_status":"closed","sticky":false,"template":"","format":"standard","meta":{"footnotes":""},"categories":[24636,24663,24631,1133,1138],"tags":[],"vendi":[],"content_country":[29888,31836,31837],"class_list":["post-918614","post","type-post","status-publish","format-standard","has-post-thumbnail","hentry","category-nachrichten-de-4","category-theater","category-nachrichten-de-2","category-e-diaspora-de","category-kultur","content_country-zvicer","content_country-austria-de","content_country-germany-de"],"acf":[],"_links":{"self":[{"href":"https:\/\/www.albinfo.ch\/de\/wp-json\/wp\/v2\/posts\/918614","targetHints":{"allow":["GET"]}}],"collection":[{"href":"https:\/\/www.albinfo.ch\/de\/wp-json\/wp\/v2\/posts"}],"about":[{"href":"https:\/\/www.albinfo.ch\/de\/wp-json\/wp\/v2\/types\/post"}],"author":[{"embeddable":true,"href":"https:\/\/www.albinfo.ch\/de\/wp-json\/wp\/v2\/users\/31"}],"replies":[{"embeddable":true,"href":"https:\/\/www.albinfo.ch\/de\/wp-json\/wp\/v2\/comments?post=918614"}],"version-history":[{"count":2,"href":"https:\/\/www.albinfo.ch\/de\/wp-json\/wp\/v2\/posts\/918614\/revisions"}],"predecessor-version":[{"id":918616,"href":"https:\/\/www.albinfo.ch\/de\/wp-json\/wp\/v2\/posts\/918614\/revisions\/918616"}],"wp:featuredmedia":[{"embeddable":true,"href":"https:\/\/www.albinfo.ch\/de\/wp-json\/wp\/v2\/media\/918263"}],"wp:attachment":[{"href":"https:\/\/www.albinfo.ch\/de\/wp-json\/wp\/v2\/media?parent=918614"}],"wp:term":[{"taxonomy":"category","embeddable":true,"href":"https:\/\/www.albinfo.ch\/de\/wp-json\/wp\/v2\/categories?post=918614"},{"taxonomy":"post_tag","embeddable":true,"href":"https:\/\/www.albinfo.ch\/de\/wp-json\/wp\/v2\/tags?post=918614"},{"taxonomy":"vendi","embeddable":true,"href":"https:\/\/www.albinfo.ch\/de\/wp-json\/wp\/v2\/vendi?post=918614"},{"taxonomy":"content_country","embeddable":true,"href":"https:\/\/www.albinfo.ch\/de\/wp-json\/wp\/v2\/content_country?post=918614"}],"curies":[{"name":"wp","href":"https:\/\/api.w.org\/{rel}","templated":true}]}}