{"id":918743,"date":"2026-04-27T13:55:21","date_gmt":"2026-04-27T11:55:21","guid":{"rendered":"https:\/\/www.albinfo.ch\/zhegrova-drejt-largimit-nga-juventusi-klubi-po-shqyrton-shitjen-e-tij\/"},"modified":"2026-04-27T21:42:16","modified_gmt":"2026-04-27T19:42:16","slug":"zhegrova-drejt-largimit-nga-juventusi-klubi-po-shqyrton-shitjen-e-tij","status":"publish","type":"post","link":"https:\/\/www.albinfo.ch\/de\/zhegrova-drejt-largimit-nga-juventusi-klubi-po-shqyrton-shitjen-e-tij\/","title":{"rendered":"Zhegrova vor dem Abschied von Juventus, der Verein pr\u00fcft seinen Verkauf"},"content":{"rendered":"<p data-start=\"1204\" data-end=\"1349\">Die Wege von Juventus und dem kosovarischen Fu\u00dfballspieler Edon Zhegrova scheinen sich zunehmend zu trennen, berichtet albinfo.ch.<\/p>\n<p data-start=\"1351\" data-end=\"1524\">Laut italienischen Medien, darunter Calciomercato, pr\u00fcft der Verein ernsthaft die M\u00f6glichkeit, den Spieler nach einer als entt\u00e4uschend bewerteten ersten Saison zu verkaufen.<\/p>\n<p data-start=\"1526\" data-end=\"1830\">Berichten zufolge konnte Zhegrova mit seinen Leistungen nicht \u00fcberzeugen, da er nur wenige Einsatzminuten erhielt und einen begrenzten Einfluss auf das Spiel hatte. Einer der kritisierten Momente war das Spiel gegen Bologna am 19 April, bei dem einige Ballverluste den Trainerstab ver\u00e4rgert haben sollen.<\/p>\n<p data-start=\"1832\" data-end=\"2003\">Insgesamt verzeichnete der kosovarische Angreifer im Laufe der Saison nur eine begrenzte Anzahl von Eins\u00e4tzen, mit einer niedrigen durchschnittlichen Spielzeit pro Partie.<\/p>\n<p data-start=\"2005\" data-end=\"2244\">Der italienische Klub bewertet Berichten zufolge auch den finanziellen Aspekt und schlie\u00dft einen Verkauf f\u00fcr etwa 11,4 Millionen Euro nicht aus, um gr\u00f6\u00dfere Verluste zu vermeiden, da er urspr\u00fcnglich f\u00fcr eine h\u00f6here Summe verpflichtet wurde.<\/p>\n<p data-start=\"2246\" data-end=\"2481\" data-is-last-node=\"\" data-is-only-node=\"\">Dennoch soll Zhegrova weiterhin darauf fokussiert sein, bis zum Saisonende mehr Einsatzzeit zu erhalten und die Meinung des Vereins zu \u00e4ndern. Gleichzeitig berichten Medien von Interesse mehrerer Premier League Klubs, darunter Everton.\/Albinfo.ch<\/p>\n","protected":false},"excerpt":{"rendered":"<p>Medien in Italien berichten, dass Edon Zhegrova in seiner ersten Saison nicht \u00fcberzeugen konnte und die &#8220;Alte Dame&#8221; ihn verkaufen k\u00f6nnte, um finanzielle Verluste zu vermeiden<\/p>\n","protected":false},"author":31,"featured_media":873355,"comment_status":"closed","ping_status":"closed","sticky":false,"template":"","format":"standard","meta":{"footnotes":""},"categories":[4023,24631,1139],"tags":[],"vendi":[],"content_country":[29888,31836,31837],"class_list":["post-918743","post","type-post","status-publish","format-standard","has-post-thumbnail","hentry","category-futboll-de","category-nachrichten-de-2","category-sport","content_country-zvicer","content_country-austria-de","content_country-germany-de"],"acf":[],"_links":{"self":[{"href":"https:\/\/www.albinfo.ch\/de\/wp-json\/wp\/v2\/posts\/918743","targetHints":{"allow":["GET"]}}],"collection":[{"href":"https:\/\/www.albinfo.ch\/de\/wp-json\/wp\/v2\/posts"}],"about":[{"href":"https:\/\/www.albinfo.ch\/de\/wp-json\/wp\/v2\/types\/post"}],"author":[{"embeddable":true,"href":"https:\/\/www.albinfo.ch\/de\/wp-json\/wp\/v2\/users\/31"}],"replies":[{"embeddable":true,"href":"https:\/\/www.albinfo.ch\/de\/wp-json\/wp\/v2\/comments?post=918743"}],"version-history":[{"count":2,"href":"https:\/\/www.albinfo.ch\/de\/wp-json\/wp\/v2\/posts\/918743\/revisions"}],"predecessor-version":[{"id":918749,"href":"https:\/\/www.albinfo.ch\/de\/wp-json\/wp\/v2\/posts\/918743\/revisions\/918749"}],"wp:featuredmedia":[{"embeddable":true,"href":"https:\/\/www.albinfo.ch\/de\/wp-json\/wp\/v2\/media\/873355"}],"wp:attachment":[{"href":"https:\/\/www.albinfo.ch\/de\/wp-json\/wp\/v2\/media?parent=918743"}],"wp:term":[{"taxonomy":"category","embeddable":true,"href":"https:\/\/www.albinfo.ch\/de\/wp-json\/wp\/v2\/categories?post=918743"},{"taxonomy":"post_tag","embeddable":true,"href":"https:\/\/www.albinfo.ch\/de\/wp-json\/wp\/v2\/tags?post=918743"},{"taxonomy":"vendi","embeddable":true,"href":"https:\/\/www.albinfo.ch\/de\/wp-json\/wp\/v2\/vendi?post=918743"},{"taxonomy":"content_country","embeddable":true,"href":"https:\/\/www.albinfo.ch\/de\/wp-json\/wp\/v2\/content_country?post=918743"}],"curies":[{"name":"wp","href":"https:\/\/api.w.org\/{rel}","templated":true}]}}