{"id":918784,"date":"2026-04-27T15:50:25","date_gmt":"2026-04-27T13:50:25","guid":{"rendered":"https:\/\/www.albinfo.ch\/shefi-i-nestle-me-shume-marketing-me-yje-si-dua-lipa\/"},"modified":"2026-04-27T21:58:51","modified_gmt":"2026-04-27T19:58:51","slug":"shefi-i-nestle-me-shume-marketing-me-yje-si-dua-lipa","status":"publish","type":"post","link":"https:\/\/www.albinfo.ch\/de\/shefi-i-nestle-me-shume-marketing-me-yje-si-dua-lipa\/","title":{"rendered":"Der Chef von Nestl\u00e9, mehr Marketing mit Stars wie Dua Lipa"},"content":{"rendered":"<p data-start=\"1317\" data-end=\"1517\">Der Schweizer Lebensmittelkonzern Nestl\u00e9 hat f\u00fcr das erste Quartal 2026 positive Ergebnisse gemeldet und die Erwartungen mit einem organischen Wachstum von rund 3,5 Prozent \u00fcbertroffen.<\/p>\n<p data-start=\"1519\" data-end=\"1906\">Nach der Ver\u00f6ffentlichung der Ergebnisse machten die Unternehmensverantwortlichen deutlich, dass sich die neue Strategie auf die Steigerung der Verk\u00e4ufe durch aggressiveres Marketing und st\u00e4rkere Marken konzentriert, einschlie\u00dflich Kooperationen mit bekannten Pers\u00f6nlichkeiten wie der S\u00e4ngerin Dua Lipa zur Bewerbung von Produkten wie Nespresso, schreibt Watson.ch, berichtet albinfo.ch.<\/p>\n<p data-start=\"1908\" data-end=\"2107\">Gleichzeitig reduziert das Unternehmen den Fokus auf einige weniger rentable Bereiche, wie das Wassergesch\u00e4ft und andere nicht strategische Kategorien, im Rahmen einer umfassenderen Umstrukturierung.<\/p>\n<p data-start=\"2109\" data-end=\"2339\">Trotz Herausforderungen wie geopolitischen Spannungen, hohen Energiekosten und schwacher Leistung auf dem chinesischen Markt konnte Nestl\u00e9 das Wachstum dank seiner Kernprodukte wie Kaffee, Lebensmittel und Snacks aufrechterhalten.<\/p>\n<p data-start=\"2341\" data-end=\"2577\" data-is-last-node=\"\" data-is-only-node=\"\">Experten sch\u00e4tzen, dass das Unternehmen in eine neue strategische Phase eintritt, mit st\u00e4rkerem Fokus auf globale Marken, Innovation und Marketing, um das Absatzwachstum in einem zunehmend wettbewerbsintensiven Markt wieder anzukurbeln.<\/p>\n","protected":false},"excerpt":{"rendered":"<p>Der Schweizer Lebensmittelkonzern Nestl\u00e9 hat f\u00fcr das erste Quartal 2026 positive Ergebnisse gemeldet und die Erwartungen mit einem organischen Wachstum von rund 3,5 Prozent \u00fcbertroffen. Nach der Ver\u00f6ffentlichung der Ergebnisse machten die Unternehmensverantwortlichen deutlich, dass sich die neue Strategie auf die Steigerung der Verk\u00e4ufe durch aggressiveres Marketing und st\u00e4rkere Marken konzentriert, einschlie\u00dflich Kooperationen mit bekannten [&hellip;]<\/p>\n","protected":false},"author":14,"featured_media":849764,"comment_status":"closed","ping_status":"closed","sticky":false,"template":"","format":"standard","meta":{"footnotes":""},"categories":[24006,1140],"tags":[],"vendi":[],"content_country":[29888,31836,31837],"class_list":["post-918784","post","type-post","status-publish","format-standard","has-post-thumbnail","hentry","category-lajme-jeta-ne-zvicer-de","category-leben-in-der-schweiz","content_country-zvicer","content_country-austria-de","content_country-germany-de"],"acf":[],"_links":{"self":[{"href":"https:\/\/www.albinfo.ch\/de\/wp-json\/wp\/v2\/posts\/918784","targetHints":{"allow":["GET"]}}],"collection":[{"href":"https:\/\/www.albinfo.ch\/de\/wp-json\/wp\/v2\/posts"}],"about":[{"href":"https:\/\/www.albinfo.ch\/de\/wp-json\/wp\/v2\/types\/post"}],"author":[{"embeddable":true,"href":"https:\/\/www.albinfo.ch\/de\/wp-json\/wp\/v2\/users\/14"}],"replies":[{"embeddable":true,"href":"https:\/\/www.albinfo.ch\/de\/wp-json\/wp\/v2\/comments?post=918784"}],"version-history":[{"count":2,"href":"https:\/\/www.albinfo.ch\/de\/wp-json\/wp\/v2\/posts\/918784\/revisions"}],"predecessor-version":[{"id":918786,"href":"https:\/\/www.albinfo.ch\/de\/wp-json\/wp\/v2\/posts\/918784\/revisions\/918786"}],"wp:featuredmedia":[{"embeddable":true,"href":"https:\/\/www.albinfo.ch\/de\/wp-json\/wp\/v2\/media\/849764"}],"wp:attachment":[{"href":"https:\/\/www.albinfo.ch\/de\/wp-json\/wp\/v2\/media?parent=918784"}],"wp:term":[{"taxonomy":"category","embeddable":true,"href":"https:\/\/www.albinfo.ch\/de\/wp-json\/wp\/v2\/categories?post=918784"},{"taxonomy":"post_tag","embeddable":true,"href":"https:\/\/www.albinfo.ch\/de\/wp-json\/wp\/v2\/tags?post=918784"},{"taxonomy":"vendi","embeddable":true,"href":"https:\/\/www.albinfo.ch\/de\/wp-json\/wp\/v2\/vendi?post=918784"},{"taxonomy":"content_country","embeddable":true,"href":"https:\/\/www.albinfo.ch\/de\/wp-json\/wp\/v2\/content_country?post=918784"}],"curies":[{"name":"wp","href":"https:\/\/api.w.org\/{rel}","templated":true}]}}