{"id":918792,"date":"2026-04-27T17:52:33","date_gmt":"2026-04-27T15:52:33","guid":{"rendered":"https:\/\/www.albinfo.ch\/nje-ekip-i-fsk-se-eshte-nisur-drejt-gazes-per-vleresim-paraprak\/"},"modified":"2026-04-27T22:03:59","modified_gmt":"2026-04-27T20:03:59","slug":"nje-ekip-i-fsk-se-eshte-nisur-drejt-gazes-per-vleresim-paraprak","status":"publish","type":"post","link":"https:\/\/www.albinfo.ch\/de\/nje-ekip-i-fsk-se-eshte-nisur-drejt-gazes-per-vleresim-paraprak\/","title":{"rendered":"Ein Team der FSK ist zu einer ersten Bewertung nach Gaza aufgebrochen"},"content":{"rendered":"<p data-start=\"919\" data-end=\"1069\">Der Kommandant der Kosovo Sicherheitskr\u00e4fte, Generalleutnant Bashkim Jashari, gab bekannt, dass das Team der FSK nach Gaza gereist ist.<\/p>\n<p data-start=\"1071\" data-end=\"1206\">Er erkl\u00e4rte, dass das Team eine erste Bewertung durchf\u00fchren sowie die Aktivit\u00e4ten zur Entsendung des FSK Kontingents koordinieren wird.<\/p>\n<p data-start=\"1208\" data-end=\"1753\" data-is-last-node=\"\" data-is-only-node=\"\">&#8220;W\u00e4hrend dieses Besuchs f\u00fchrte die Delegation eine Reihe von Treffen und Gespr\u00e4chen mit nationalen Beh\u00f6rden zur Verwaltung von Gaza und den entsprechenden Teams sowie mit Vertretern des Zivil Milit\u00e4rischen Koordinationszentrums CMCC, das unter der Aufsicht des Friedensrates gem\u00e4\u00df der Resolution 2803 der UNO arbeitet. Bei diesen Treffen wurden der Integrationsprozess des FSK Kontingents, die Entwicklung gemeinsamer Operationen sowie die Koordinierung der logistischen Unterst\u00fctzung er\u00f6rtert&#8221;, hei\u00dft es in der Mitteilung, berichtet albinfo.ch.<\/p>\n","protected":false},"excerpt":{"rendered":"<p>Der Kommandant der Kosovo Sicherheitskr\u00e4fte, Generalleutnant Bashkim Jashari, gab bekannt, dass das Team der FSK nach Gaza gereist ist. Er erkl\u00e4rte, dass das Team eine erste Bewertung durchf\u00fchren sowie die Aktivit\u00e4ten zur Entsendung des FSK Kontingents koordinieren wird. &#8220;W\u00e4hrend dieses Besuchs f\u00fchrte die Delegation eine Reihe von Treffen und Gespr\u00e4chen mit nationalen Beh\u00f6rden zur Verwaltung [&hellip;]<\/p>\n","protected":false},"author":45,"featured_media":918488,"comment_status":"closed","ping_status":"closed","sticky":false,"template":"","format":"standard","meta":{"footnotes":""},"categories":[33056,23263,1130,3952,23269,23262,24621,24631,24635,1129],"tags":[],"vendi":[],"content_country":[29888,31836,31837],"class_list":["post-918792","post","type-post","status-publish","format-standard","has-post-thumbnail","hentry","category-de-balkani-de","category-kosova-de-2","category-aktuell","category-kosova-de","category-news","category-at-balkani-de","category-kosova-de-3","category-nachrichten-de-2","category-nachrichten-de-3","category-ch-balkan","content_country-zvicer","content_country-austria-de","content_country-germany-de"],"acf":[],"_links":{"self":[{"href":"https:\/\/www.albinfo.ch\/de\/wp-json\/wp\/v2\/posts\/918792","targetHints":{"allow":["GET"]}}],"collection":[{"href":"https:\/\/www.albinfo.ch\/de\/wp-json\/wp\/v2\/posts"}],"about":[{"href":"https:\/\/www.albinfo.ch\/de\/wp-json\/wp\/v2\/types\/post"}],"author":[{"embeddable":true,"href":"https:\/\/www.albinfo.ch\/de\/wp-json\/wp\/v2\/users\/45"}],"replies":[{"embeddable":true,"href":"https:\/\/www.albinfo.ch\/de\/wp-json\/wp\/v2\/comments?post=918792"}],"version-history":[{"count":2,"href":"https:\/\/www.albinfo.ch\/de\/wp-json\/wp\/v2\/posts\/918792\/revisions"}],"predecessor-version":[{"id":918794,"href":"https:\/\/www.albinfo.ch\/de\/wp-json\/wp\/v2\/posts\/918792\/revisions\/918794"}],"wp:featuredmedia":[{"embeddable":true,"href":"https:\/\/www.albinfo.ch\/de\/wp-json\/wp\/v2\/media\/918488"}],"wp:attachment":[{"href":"https:\/\/www.albinfo.ch\/de\/wp-json\/wp\/v2\/media?parent=918792"}],"wp:term":[{"taxonomy":"category","embeddable":true,"href":"https:\/\/www.albinfo.ch\/de\/wp-json\/wp\/v2\/categories?post=918792"},{"taxonomy":"post_tag","embeddable":true,"href":"https:\/\/www.albinfo.ch\/de\/wp-json\/wp\/v2\/tags?post=918792"},{"taxonomy":"vendi","embeddable":true,"href":"https:\/\/www.albinfo.ch\/de\/wp-json\/wp\/v2\/vendi?post=918792"},{"taxonomy":"content_country","embeddable":true,"href":"https:\/\/www.albinfo.ch\/de\/wp-json\/wp\/v2\/content_country?post=918792"}],"curies":[{"name":"wp","href":"https:\/\/api.w.org\/{rel}","templated":true}]}}