{"id":918822,"date":"2026-04-27T19:50:17","date_gmt":"2026-04-27T17:50:17","guid":{"rendered":"https:\/\/www.albinfo.ch\/festivali-i-filmit-kino-kosova-2026\/"},"modified":"2026-04-27T22:46:46","modified_gmt":"2026-04-27T20:46:46","slug":"festivali-i-filmit-kino-kosova-2026","status":"publish","type":"post","link":"https:\/\/www.albinfo.ch\/de\/festivali-i-filmit-kino-kosova-2026\/","title":{"rendered":"Am 14 Mai beginnt in Z\u00fcrich das Filmfestival &#8220;Kino Kosova 2026&#8221;"},"content":{"rendered":"<p data-start=\"2283\" data-end=\"2491\">Vom 14 bis 17 Mai kehrt das Filmfestival Kino Kosova nach Z\u00fcrich zur\u00fcck und pr\u00e4sentiert seine f\u00fcnfte Ausgabe mit einem vielf\u00e4ltigen Kulturprogramm aus 23 Filmen, einem Konzert und einem DJ Set.<\/p>\n<p data-start=\"2493\" data-end=\"2954\">&#8220;Diese Ausgabe ist Teil eines umfassenderen Konzepts, das in zwei St\u00e4dten stattfindet. Z\u00fcrich markiert mit der Mai Ausgabe den Auftakt des Festivals, w\u00e4hrend das Programm im September in Bern fortgesetzt wird. Auf diese Weise verbindet das Festival St\u00e4dte, Publikum und unterschiedliche Geschichten und schafft einen fortlaufenden Dialog, der von jedem Ort gepr\u00e4gt wird, an dem es stattfindet&#8221;, hei\u00dft es in der Mitteilung des Veranstalters, schreibt albinfo.ch.<\/p>\n<p data-start=\"2956\" data-end=\"3295\">Das diesj\u00e4hrige Thema &#8220;Zwischen Widerstand und Paradies, Geschichten von \u00dcberleben und Hoffnung&#8221; stellt Geschichten in den Mittelpunkt, die durch Herausforderungen gepr\u00e4gt und von Widerstandskraft getragen sind. Die Filme behandeln das \u00dcberleben als reale und gelebte Erfahrung, die \u00fcber Generationen und Grenzen hinweg weitergegeben wird.<\/p>\n<p data-start=\"3297\" data-end=\"3742\">Das Programm umfasst pers\u00f6nliche Geschichten sowie breitere gesellschaftliche Realit\u00e4ten. Es pr\u00e4sentiert Stimmen aus dem Kosovo und der Region, die weit \u00fcber die Grenzen hinaus Resonanz finden. In einer Zeit, in der die Welt mit wachsenden Ungleichheiten, Migration und neuen Konflikten konfrontiert ist, sprechen diese Geschichten \u00fcber gemeinsame Erfahrungen, die Suche nach W\u00fcrde, den Wunsch nach Freiheit und das Bed\u00fcrfnis nach Zugeh\u00f6rigkeit.<\/p>\n<p data-start=\"3744\" data-end=\"4059\">Gleichzeitig wirft das Festival auch Fragen auf, was geschieht mit der Erinnerung in Gesellschaften, die in Stabilit\u00e4t und Komfort leben, erinnern wir uns an den Preis der Freiheit, nachdem sie erreicht wurde, und wie setzen wir den Widerstand fort, nicht nur in Krisenzeiten, sondern auch in Zeiten des Wohlstands.<\/p>\n<p data-start=\"4061\" data-end=\"4467\">Indem es zu den Wurzeln, den Geschichten, den Wunden und den Momenten der Hoffnung zur\u00fcckkehrt, versteht Kino Kosova das Kino als eine Form des Widerstands und als Raum der Reflexion. Mit einem sorgf\u00e4ltig kuratierten Programm, begleitet von Musik und Begegnungen mit dem Publikum, l\u00e4dt die Z\u00fcrcher Ausgabe dazu ein, nachzudenken, Verbindungen zu schaffen und eine gemeinsame kulturelle Erfahrung zu teilen.<\/p>\n<p data-start=\"4469\" data-end=\"4767\" data-is-last-node=\"\" data-is-only-node=\"\">Durch die Verbindung von Film, Musik und Diskussionen m\u00f6chte Kino Kosova in Z\u00fcrich eine offene und zug\u00e4ngliche Plattform f\u00fcr Geschichten und Dialog schaffen und Stimmen sowie Perspektiven hervorheben, die sowohl lokal als auch international Bedeutung haben, hei\u00dft es abschlie\u00dfend in der Mitteilung.<\/p>\n<p><a href=\"https:\/\/www.albinfo.ch\/wp-content\/uploads\/2026\/04\/kk26zh_newsletter.jpg\"><img loading=\"lazy\" decoding=\"async\" class=\"alignnone wp-image-918678\" src=\"https:\/\/www.albinfo.ch\/wp-content\/uploads\/2026\/04\/kk26zh_newsletter.jpg\" alt=\"\" width=\"800\" height=\"200\" srcset=\"https:\/\/www.albinfo.ch\/wp-content\/uploads\/2026\/04\/kk26zh_newsletter.jpg 2000w, https:\/\/www.albinfo.ch\/wp-content\/uploads\/2026\/04\/kk26zh_newsletter-300x75.jpg 300w, https:\/\/www.albinfo.ch\/wp-content\/uploads\/2026\/04\/kk26zh_newsletter-1024x256.jpg 1024w, https:\/\/www.albinfo.ch\/wp-content\/uploads\/2026\/04\/kk26zh_newsletter-768x192.jpg 768w, https:\/\/www.albinfo.ch\/wp-content\/uploads\/2026\/04\/kk26zh_newsletter-1536x384.jpg 1536w, https:\/\/www.albinfo.ch\/wp-content\/uploads\/2026\/04\/kk26zh_newsletter-587x147.jpg 587w, https:\/\/www.albinfo.ch\/wp-content\/uploads\/2026\/04\/kk26zh_newsletter-180x45.jpg 180w, https:\/\/www.albinfo.ch\/wp-content\/uploads\/2026\/04\/kk26zh_newsletter-265x66.jpg 265w\" sizes=\"auto, (max-width: 800px) 100vw, 800px\" \/><\/a><\/p>\n<p data-start=\"503\" data-end=\"569\"><strong>Programmbeginn am 14 Mai im Kino Riffraff in Z\u00fcrich<\/strong><\/p>\n<p data-start=\"571\" data-end=\"1019\" data-is-last-node=\"\" data-is-only-node=\"\">14 05 26 Donnerstag 19:00 Er\u00f6ffnungsprogramm und Vorf\u00fchrung der ersten zwei Filme<br data-start=\"652\" data-end=\"655\" \/>Film PALLATI I RINIS\u00cb anschlie\u00dfend Fragen und Antworten Diskussion nach dem Film<br data-start=\"735\" data-end=\"738\" \/>Regie Maddie Gwinn Deutschland Vereinigte Staaten 2025 66 Minuten Originalsprache Albanisch Englisch Untertitel Deutsch Englisch<br data-start=\"866\" data-end=\"869\" \/>\u2022 21:00 Film ERA anschlie\u00dfend Fragen und Antworten<br data-start=\"919\" data-end=\"922\" \/>Regie Parta Kelmendi Kosovo 2025 94 Minuten Originalsprache Albanisch Untertitel Deutsch Englisch<\/p>\n<p>&nbsp;<\/p>\n","protected":false},"excerpt":{"rendered":"<p>Die 5 Ausgabe in Z\u00fcrich vom 14 bis 17 Mai steht unter dem Thema &#8220;Zwischen Widerstand und Paradies, Geschichten von \u00dcberleben und Hoffnung&#8221;<\/p>\n","protected":false},"author":4,"featured_media":918677,"comment_status":"closed","ping_status":"closed","sticky":false,"template":"","format":"standard","meta":{"footnotes":""},"categories":[1141,24665,3952,24006,24631,1129,1138,1140,1154],"tags":[],"vendi":[31858],"content_country":[29888,31836,31837],"class_list":["post-918822","post","type-post","status-publish","format-standard","has-post-thumbnail","hentry","category-themen","category-kino","category-kosova-de","category-lajme-jeta-ne-zvicer-de","category-nachrichten-de-2","category-ch-balkan","category-kultur","category-leben-in-der-schweiz","category-tagebuch","vendi-zuerich","content_country-zvicer","content_country-austria-de","content_country-germany-de"],"acf":[],"_links":{"self":[{"href":"https:\/\/www.albinfo.ch\/de\/wp-json\/wp\/v2\/posts\/918822","targetHints":{"allow":["GET"]}}],"collection":[{"href":"https:\/\/www.albinfo.ch\/de\/wp-json\/wp\/v2\/posts"}],"about":[{"href":"https:\/\/www.albinfo.ch\/de\/wp-json\/wp\/v2\/types\/post"}],"author":[{"embeddable":true,"href":"https:\/\/www.albinfo.ch\/de\/wp-json\/wp\/v2\/users\/4"}],"replies":[{"embeddable":true,"href":"https:\/\/www.albinfo.ch\/de\/wp-json\/wp\/v2\/comments?post=918822"}],"version-history":[{"count":2,"href":"https:\/\/www.albinfo.ch\/de\/wp-json\/wp\/v2\/posts\/918822\/revisions"}],"predecessor-version":[{"id":918824,"href":"https:\/\/www.albinfo.ch\/de\/wp-json\/wp\/v2\/posts\/918822\/revisions\/918824"}],"wp:featuredmedia":[{"embeddable":true,"href":"https:\/\/www.albinfo.ch\/de\/wp-json\/wp\/v2\/media\/918677"}],"wp:attachment":[{"href":"https:\/\/www.albinfo.ch\/de\/wp-json\/wp\/v2\/media?parent=918822"}],"wp:term":[{"taxonomy":"category","embeddable":true,"href":"https:\/\/www.albinfo.ch\/de\/wp-json\/wp\/v2\/categories?post=918822"},{"taxonomy":"post_tag","embeddable":true,"href":"https:\/\/www.albinfo.ch\/de\/wp-json\/wp\/v2\/tags?post=918822"},{"taxonomy":"vendi","embeddable":true,"href":"https:\/\/www.albinfo.ch\/de\/wp-json\/wp\/v2\/vendi?post=918822"},{"taxonomy":"content_country","embeddable":true,"href":"https:\/\/www.albinfo.ch\/de\/wp-json\/wp\/v2\/content_country?post=918822"}],"curies":[{"name":"wp","href":"https:\/\/api.w.org\/{rel}","templated":true}]}}