{"id":918836,"date":"2026-04-27T20:50:14","date_gmt":"2026-04-27T18:50:14","guid":{"rendered":"https:\/\/www.albinfo.ch\/sot-u-lansua-programi-i-bashkepunimit-te-zvicres-ne-kosove-per-periudhen-2026-2029\/"},"modified":"2026-04-27T22:58:23","modified_gmt":"2026-04-27T20:58:23","slug":"sot-u-lansua-programi-i-bashkepunimit-te-zvicres-ne-kosove-per-periudhen-2026-2029","status":"publish","type":"post","link":"https:\/\/www.albinfo.ch\/de\/sot-u-lansua-programi-i-bashkepunimit-te-zvicres-ne-kosove-per-periudhen-2026-2029\/","title":{"rendered":"Heute wurde das Kooperationsprogramm der Schweiz im Kosovo f\u00fcr den Zeitraum 2026 2029 gestartet"},"content":{"rendered":"<div class=\"x14z9mp xat24cr x1lziwak x1vvkbs xtlvy1s x126k92a\">\n<div dir=\"auto\">\n<p data-start=\"3833\" data-end=\"4014\">Kosovo und die Schweiz haben heute ihre nachhaltige Partnerschaft mit dem Start des Kooperationsprogramms der Schweiz im Kosovo f\u00fcr den Zeitraum 2026 2029 bekr\u00e4ftigt.<\/p>\n<p data-start=\"4016\" data-end=\"4428\">Bei der in Prishtina abgehaltenen Veranstaltung mit Beteiligung institutioneller Vertreter, Partner und zahlreicher Beg\u00fcnstigter bekr\u00e4ftigten der Schweizer Botschafter im Kosovo J\u00fcrg Sprecher, die Botschafterin Patricia Danzi Generaldirektorin der Schweizerischen Agentur f\u00fcr Entwicklung und Zusammenarbeit SDC sowie der Premierminister des Kosovo Albin Kurti die starke Freundschaft zwischen den beiden L\u00e4ndern.<\/p>\n<p data-start=\"4430\" data-end=\"5109\">&#8220;Botschafter Sprecher betonte, dass die Unterst\u00fctzung der Schweiz stets von einem starken Engagement f\u00fcr die B\u00fcrger des Kosovo und die Entwicklung des Landes geleitet war und hob hervor, dass das neue Programm, w\u00e4hrend sich Kosovo weiterentwickelt, einen \u00dcbergang zu einer strategischeren Partnerschaft und gegenseitigen St\u00e4rkung widerspiegelt. Im Namen der anwesenden Schweizer Bundesinstitutionen richtete sich Botschafterin Patricia Danzi als Generaldirektorin der Schweizerischen Agentur f\u00fcr Entwicklung und Zusammenarbeit SDC im Rahmen des Eidgen\u00f6ssischen Departements f\u00fcr ausw\u00e4rtige Angelegenheiten FDFA an die Teilnehmer&#8221;, hei\u00dft es in der Mitteilung, berichtet albinfo.ch.<\/p>\n<p data-start=\"5111\" data-end=\"5731\">&#8220;Unser Fokus mit dem Kooperationsprogramm 2026 2029 ist vollst\u00e4ndig auf die nationale Entwicklungsstrategie des Kosovo abgestimmt und wurde in enger Zusammenarbeit mit zentralen und lokalen Institutionen, dem Privatsektor und der Zivilgesellschaft entwickelt. Obwohl das Programm ein bedeutendes Engagement von 70 Millionen Euro darstellt, geht sein tats\u00e4chlicher Wert \u00fcber die Finanzierung hinaus. Finanzielle Mittel sind nur dann von Bedeutung, wenn sie sich in reale Wirkung umsetzen, wenn sie Leben verbessern, Systeme st\u00e4rken und sinnvolle Chancen f\u00fcr die Menschen im Kosovo schaffen&#8221;, erkl\u00e4rte Botschafterin Danzi.<\/p>\n<p data-start=\"5733\" data-end=\"6197\">Der Premierminister des Kosovo Albin Kurti dankte der Schweiz f\u00fcr die kontinuierliche Unterst\u00fctzung und sprach \u00fcber die engen Beziehungen zwischen beiden L\u00e4ndern sowie die wichtige Rolle der kosovarischen Diaspora in der Schweiz. Er betonte, dass die Schweiz einer der gr\u00f6\u00dften bilateralen Kooperationspartner des Kosovo und der zweitgr\u00f6\u00dfte ausl\u00e4ndische Investor ist und dass diese starke Partnerschaft die Zusammenarbeit in den kommenden Jahren weiter pr\u00e4gen wird.<\/p>\n<p data-start=\"6199\" data-end=\"6646\">&#8220;Das Ziel des Kosovo ist klar, der vollst\u00e4ndige Beitritt zur Europ\u00e4ischen Union. Unsere nationale Entwicklungsstrategie 2030 dient als Leitfaden, w\u00e4hrend das Kooperationsprogramm der Schweiz im Kosovo 2026 2029 eng mit ihr und den Priorit\u00e4ten der EU Reformen abgestimmt ist. Jeder Schweizer Franken, jede Stunde technischer Expertise und jeder politische Austausch ist ein Beitrag zu unserem europ\u00e4ischen Weg. Wir danken der Schweiz&#8221;, erkl\u00e4rte er.<\/p>\n<p data-start=\"6648\" data-end=\"7198\">Das Kooperationsprogramm der Schweiz im Kosovo 2026 2029 spiegelt das gemeinsame Engagement beider L\u00e4nder wider, Stabilit\u00e4t zu sichern, nachhaltige Entwicklung zu f\u00f6rdern und neue Herausforderungen anzugehen. Es ist auf die Priorit\u00e4ten der Regierung des Kosovo abgestimmt und konzentriert sich auf drei Hauptbereiche, demokratische Regierungsf\u00fchrung und Frieden, nachhaltige wirtschaftliche Entwicklung und gr\u00fcne Transformation sowie gleichberechtigte menschliche Entwicklung. Auch die bilaterale Zusammenarbeit im Bereich Migration wird fortgesetzt.<\/p>\n<p data-start=\"7200\" data-end=\"7344\">Der finanzielle Beitrag der Schweiz f\u00fcr die n\u00e4chsten vier Jahre betr\u00e4gt 64,5 Millionen Schweizer Franken beziehungsweise rund 70 Millionen Euro.<\/p>\n<p data-start=\"7346\" data-end=\"7628\" data-is-last-node=\"\" data-is-only-node=\"\">Das Programm wurde nach einem umfassenden Ansatz entwickelt und umfasst die Schweizerische Agentur f\u00fcr Entwicklung und Zusammenarbeit SDC, die Abteilung f\u00fcr Frieden und Menschenrechte des FDFA, das Staatssekretariat f\u00fcr Wirtschaft SECO sowie das Staatssekretariat f\u00fcr Migration SEM.<\/p>\n<\/div>\n<\/div>\n","protected":false},"excerpt":{"rendered":"<p>Kosovo und die Schweiz haben heute ihre nachhaltige Partnerschaft mit dem Start des Kooperationsprogramms der Schweiz im Kosovo f\u00fcr den Zeitraum 2026 2029 bekr\u00e4ftigt. Bei der in Prishtina abgehaltenen Veranstaltung mit Beteiligung institutioneller Vertreter, Partner und zahlreicher Beg\u00fcnstigter bekr\u00e4ftigten der Schweizer Botschafter im Kosovo J\u00fcrg Sprecher, die Botschafterin Patricia Danzi Generaldirektorin der Schweizerischen Agentur f\u00fcr [&hellip;]<\/p>\n","protected":false},"author":45,"featured_media":918694,"comment_status":"closed","ping_status":"closed","sticky":false,"template":"","format":"standard","meta":{"footnotes":""},"categories":[33056,23263,1130,3952,23269,23262,24621,24631,24635,1129],"tags":[],"vendi":[],"content_country":[29888,31836,31837],"class_list":["post-918836","post","type-post","status-publish","format-standard","has-post-thumbnail","hentry","category-de-balkani-de","category-kosova-de-2","category-aktuell","category-kosova-de","category-news","category-at-balkani-de","category-kosova-de-3","category-nachrichten-de-2","category-nachrichten-de-3","category-ch-balkan","content_country-zvicer","content_country-austria-de","content_country-germany-de"],"acf":[],"_links":{"self":[{"href":"https:\/\/www.albinfo.ch\/de\/wp-json\/wp\/v2\/posts\/918836","targetHints":{"allow":["GET"]}}],"collection":[{"href":"https:\/\/www.albinfo.ch\/de\/wp-json\/wp\/v2\/posts"}],"about":[{"href":"https:\/\/www.albinfo.ch\/de\/wp-json\/wp\/v2\/types\/post"}],"author":[{"embeddable":true,"href":"https:\/\/www.albinfo.ch\/de\/wp-json\/wp\/v2\/users\/45"}],"replies":[{"embeddable":true,"href":"https:\/\/www.albinfo.ch\/de\/wp-json\/wp\/v2\/comments?post=918836"}],"version-history":[{"count":2,"href":"https:\/\/www.albinfo.ch\/de\/wp-json\/wp\/v2\/posts\/918836\/revisions"}],"predecessor-version":[{"id":918838,"href":"https:\/\/www.albinfo.ch\/de\/wp-json\/wp\/v2\/posts\/918836\/revisions\/918838"}],"wp:featuredmedia":[{"embeddable":true,"href":"https:\/\/www.albinfo.ch\/de\/wp-json\/wp\/v2\/media\/918694"}],"wp:attachment":[{"href":"https:\/\/www.albinfo.ch\/de\/wp-json\/wp\/v2\/media?parent=918836"}],"wp:term":[{"taxonomy":"category","embeddable":true,"href":"https:\/\/www.albinfo.ch\/de\/wp-json\/wp\/v2\/categories?post=918836"},{"taxonomy":"post_tag","embeddable":true,"href":"https:\/\/www.albinfo.ch\/de\/wp-json\/wp\/v2\/tags?post=918836"},{"taxonomy":"vendi","embeddable":true,"href":"https:\/\/www.albinfo.ch\/de\/wp-json\/wp\/v2\/vendi?post=918836"},{"taxonomy":"content_country","embeddable":true,"href":"https:\/\/www.albinfo.ch\/de\/wp-json\/wp\/v2\/content_country?post=918836"}],"curies":[{"name":"wp","href":"https:\/\/api.w.org\/{rel}","templated":true}]}}