{"id":918848,"date":"2026-04-27T21:40:33","date_gmt":"2026-04-27T19:40:33","guid":{"rendered":"https:\/\/www.albinfo.ch\/boksieri-shqiptar-lufton-kunder-anthony-joshua\/"},"modified":"2026-04-27T23:03:32","modified_gmt":"2026-04-27T21:03:32","slug":"boksieri-shqiptar-lufton-kunder-anthony-joshua","status":"publish","type":"post","link":"https:\/\/www.albinfo.ch\/de\/boksieri-shqiptar-lufton-kunder-anthony-joshua\/","title":{"rendered":"Der albanische Boxer &#8220;k\u00e4mpft&#8221; gegen Anthony Joshua"},"content":{"rendered":"<p data-start=\"1277\" data-end=\"1375\">Der albanische Boxer Kristian Prenga wird am 25 Juli gegen Anthony Joshua antreten.<\/p>\n<p data-start=\"1377\" data-end=\"1471\">Joshua best\u00e4tigte heute den Kampf gegen Prenga, der in Riad in Saudi Arabien stattfinden wird.<\/p>\n<p data-start=\"1473\" data-end=\"1625\">Joshua geh\u00f6rt zu den bekanntesten Boxern der letzten Jahrzehnte, w\u00e4hrend Prenga in seiner Profikarriere 20 Siege und nur eine Niederlage vorweisen kann.<\/p>\n<p data-start=\"1627\" data-end=\"1725\">Der ehemalige Weltmeister im Schwergewicht hat 29 Siege, davon 26 durch K O, und vier Niederlagen.<\/p>\n<p data-start=\"1727\" data-end=\"2100\">&#8220;Es ist kein Geheimnis, dass ich Zeit gebraucht habe, um mich neu aufzubauen und bereit f\u00fcr meine R\u00fcckkehr in den Ring zu sein. Heute ist der n\u00e4chste Schritt auf diesem Weg. Ich freue mich, dass wir eine Vereinbarung f\u00fcr den Kampf am 25 Juli in Saudi Arabien getroffen haben. Ich kann es kaum erwarten zu boxen und dort weiterzumachen, wo ich aufgeh\u00f6rt habe&#8221;, sagte Joshua.<\/p>\n<p data-start=\"2102\" data-end=\"2195\">Prenga erkl\u00e4rte seinerseits, dass Joshua einen Fehler gemacht habe, ihn als Gegner zu w\u00e4hlen.<\/p>\n<p data-start=\"2197\" data-end=\"2582\" data-is-last-node=\"\" data-is-only-node=\"\">&#8220;Anthony Joshua ist ein gro\u00dfartiger K\u00e4mpfer, aber er hat einen gro\u00dfen Fehler gemacht, als er mich ausgew\u00e4hlt hat. Dieser Kampf wird alles in meinem Leben und in seinem ver\u00e4ndern. Ich wei\u00df, dass er gro\u00dfe Pl\u00e4ne nach diesem Kampf hat. Ich wei\u00df, dass sie mich untersch\u00e4tzen. Das passt mir. Ich werde ihre Pl\u00e4ne durchkreuzen und die Welt im Juli in Saudi Arabien ersch\u00fcttern&#8221;, sagte Prenga.<\/p>\n","protected":false},"excerpt":{"rendered":"<p>Der albanische Boxer Kristian Prenga wird am 25 Juli gegen Anthony Joshua antreten. Joshua best\u00e4tigte heute den Kampf gegen Prenga, der in Riad in Saudi Arabien stattfinden wird. Joshua geh\u00f6rt zu den bekanntesten Boxern der letzten Jahrzehnte, w\u00e4hrend Prenga in seiner Profikarriere 20 Siege und nur eine Niederlage vorweisen kann. Der ehemalige Weltmeister im Schwergewicht [&hellip;]<\/p>\n","protected":false},"author":45,"featured_media":918700,"comment_status":"closed","ping_status":"closed","sticky":false,"template":"","format":"standard","meta":{"footnotes":""},"categories":[24670,24631,1139],"tags":[],"vendi":[],"content_country":[29888,31836,31837],"class_list":["post-918848","post","type-post","status-publish","format-standard","has-post-thumbnail","hentry","category-martiale-sportarten","category-nachrichten-de-2","category-sport","content_country-zvicer","content_country-austria-de","content_country-germany-de"],"acf":[],"_links":{"self":[{"href":"https:\/\/www.albinfo.ch\/de\/wp-json\/wp\/v2\/posts\/918848","targetHints":{"allow":["GET"]}}],"collection":[{"href":"https:\/\/www.albinfo.ch\/de\/wp-json\/wp\/v2\/posts"}],"about":[{"href":"https:\/\/www.albinfo.ch\/de\/wp-json\/wp\/v2\/types\/post"}],"author":[{"embeddable":true,"href":"https:\/\/www.albinfo.ch\/de\/wp-json\/wp\/v2\/users\/45"}],"replies":[{"embeddable":true,"href":"https:\/\/www.albinfo.ch\/de\/wp-json\/wp\/v2\/comments?post=918848"}],"version-history":[{"count":2,"href":"https:\/\/www.albinfo.ch\/de\/wp-json\/wp\/v2\/posts\/918848\/revisions"}],"predecessor-version":[{"id":918851,"href":"https:\/\/www.albinfo.ch\/de\/wp-json\/wp\/v2\/posts\/918848\/revisions\/918851"}],"wp:featuredmedia":[{"embeddable":true,"href":"https:\/\/www.albinfo.ch\/de\/wp-json\/wp\/v2\/media\/918700"}],"wp:attachment":[{"href":"https:\/\/www.albinfo.ch\/de\/wp-json\/wp\/v2\/media?parent=918848"}],"wp:term":[{"taxonomy":"category","embeddable":true,"href":"https:\/\/www.albinfo.ch\/de\/wp-json\/wp\/v2\/categories?post=918848"},{"taxonomy":"post_tag","embeddable":true,"href":"https:\/\/www.albinfo.ch\/de\/wp-json\/wp\/v2\/tags?post=918848"},{"taxonomy":"vendi","embeddable":true,"href":"https:\/\/www.albinfo.ch\/de\/wp-json\/wp\/v2\/vendi?post=918848"},{"taxonomy":"content_country","embeddable":true,"href":"https:\/\/www.albinfo.ch\/de\/wp-json\/wp\/v2\/content_country?post=918848"}],"curies":[{"name":"wp","href":"https:\/\/api.w.org\/{rel}","templated":true}]}}