{"id":919069,"date":"2026-04-28T09:55:45","date_gmt":"2026-04-28T07:55:45","guid":{"rendered":"https:\/\/www.albinfo.ch\/albulena-uka-betohet-si-avokate-ne-nju-jork-nje-sukses-i-ri-per-juristen-nga-kosova\/"},"modified":"2026-04-28T19:46:15","modified_gmt":"2026-04-28T17:46:15","slug":"albulena-uka-betohet-si-avokate-ne-nju-jork-nje-sukses-i-ri-per-juristen-nga-kosova","status":"publish","type":"post","link":"https:\/\/www.albinfo.ch\/de\/albulena-uka-betohet-si-avokate-ne-nju-jork-nje-sukses-i-ri-per-juristen-nga-kosova\/","title":{"rendered":"Albulena Uka wird in New York als Anw\u00e4ltin vereidigt, ein neuer Erfolg f\u00fcr die Juristin aus dem Kosovo"},"content":{"rendered":"<p data-start=\"446\" data-end=\"738\">Die Juristin aus dem Kosovo Albulena Uka hat einen weiteren wichtigen Erfolg in ihrer internationalen Karriere erzielt, indem sie den Eid auf die Verfassung der Vereinigten Staaten von Amerika abgelegt hat, um den Beruf der Anw\u00e4ltin in New York auszu\u00fcben, berichtet albinfo.ch.<\/p>\n<p data-start=\"740\" data-end=\"927\" data-is-last-node=\"\" data-is-only-node=\"\">In einer \u00f6ffentlichen Reaktion bezeichnete Uka diesen Moment als gro\u00dfe Ehre und besondere Verantwortung und betonte, dass sie ihren Beruf mit Integrit\u00e4t und <a href=\"https:\/\/www.albinfo.ch\/de\/wenn-traeume-keine-grenzen-kennen-der-akademische-weg-von-albulena-uka\/\">Professionalit\u00e4t<\/a> aus\u00fcben wird.<\/p>\n<p><img loading=\"lazy\" decoding=\"async\" class=\"alignnone wp-image-918871\" src=\"https:\/\/www.albinfo.ch\/wp-content\/uploads\/2026\/04\/img_9107-733x1024.jpeg\" alt=\"\" width=\"500\" height=\"698\" srcset=\"https:\/\/www.albinfo.ch\/wp-content\/uploads\/2026\/04\/img_9107-733x1024.jpeg 733w, https:\/\/www.albinfo.ch\/wp-content\/uploads\/2026\/04\/img_9107-215x300.jpeg 215w, https:\/\/www.albinfo.ch\/wp-content\/uploads\/2026\/04\/img_9107-768x1073.jpeg 768w, https:\/\/www.albinfo.ch\/wp-content\/uploads\/2026\/04\/img_9107-1100x1536.jpeg 1100w, https:\/\/www.albinfo.ch\/wp-content\/uploads\/2026\/04\/img_9107-283x396.jpeg 283w, https:\/\/www.albinfo.ch\/wp-content\/uploads\/2026\/04\/img_9107-72x100.jpeg 72w, https:\/\/www.albinfo.ch\/wp-content\/uploads\/2026\/04\/img_9107-125x175.jpeg 125w, https:\/\/www.albinfo.ch\/wp-content\/uploads\/2026\/04\/img_9107.jpeg 1466w\" sizes=\"auto, (max-width: 500px) 100vw, 500px\" \/><\/p>\n<p>&nbsp;<\/p>\n<p data-start=\"1178\" data-end=\"1476\">Albulena Uka wurde in Mitrovica geboren und begann ihr Studium an der Juristischen Fakult\u00e4t der Universit\u00e4t Mitrovica, bevor sie ein Masterstudium im internationalen und europ\u00e4ischen Recht an der Universit\u00e4t Gent absolvierte, das sie mit der Auszeichnung &#8220;Summa Cum Laude&#8221; abschloss.<\/p>\n<p data-start=\"1478\" data-end=\"1759\">W\u00e4hrend ihrer T\u00e4tigkeit im Kosovo bekleidete sie Positionen in wichtigen staatlichen Institutionen, darunter im Justizministerium, am Verfassungsgericht und im Ministerium f\u00fcr europ\u00e4ische Integration, und war zudem im akademischen Bereich als wissenschaftliche Mitarbeiterin t\u00e4tig.<\/p>\n<p data-start=\"1761\" data-end=\"2043\">Auf internationaler Ebene engagierte sich Uka in akademischen Aktivit\u00e4ten und Konferenzen, darunter Veranstaltungen der Universit\u00e4t Harvard, und zeichnete sich in den Bereichen Rechtsstaatlichkeit, Grundrechte sowie im Verh\u00e4ltnis zwischen internationalem und europ\u00e4ischem Recht aus.<\/p>\n<p data-start=\"2045\" data-end=\"2318\" data-is-last-node=\"\" data-is-only-node=\"\">Derzeit ist Albulena Uka als Professorin an der Brooklyn Law School in New York t\u00e4tig, einer der renommiertesten juristischen Institutionen in den Vereinigten Staaten. Ihr Erfolg gilt als bedeutend nicht nur pers\u00f6nlich, sondern auch f\u00fcr die albanische akademische Diaspora.\/Albinfo.ch<\/p>\n<p>&nbsp;<\/p>\n<blockquote class=\"wp-embedded-content\" data-secret=\"aJWvTOsq3s\"><p><a href=\"https:\/\/www.albinfo.ch\/kur-endrrat-nuk-njohin-kufij-rrugetimi-akademik-i-albulena-ukes\/\">Kur \u00ebndrrat nuk njohin kufij, rrug\u00ebtimi akademik i Albulena Uk\u00ebs<\/a><\/p><\/blockquote>\n<p><iframe loading=\"lazy\" class=\"wp-embedded-content\" sandbox=\"allow-scripts\" security=\"restricted\" style=\"position: absolute; visibility: hidden;\" title=\"&#8220;Kur \u00ebndrrat nuk njohin kufij, rrug\u00ebtimi akademik i Albulena Uk\u00ebs&#8221; &#8212; Albinfo\" src=\"https:\/\/www.albinfo.ch\/kur-endrrat-nuk-njohin-kufij-rrugetimi-akademik-i-albulena-ukes\/embed\/#?secret=1Rv9jtIAg4#?secret=aJWvTOsq3s\" data-secret=\"aJWvTOsq3s\" width=\"587\" height=\"331\" frameborder=\"0\" marginwidth=\"0\" marginheight=\"0\" scrolling=\"no\"><\/iframe><\/p>\n","protected":false},"excerpt":{"rendered":"<p>Geboren in Mitrovica und mit einer reichen akademischen und institutionellen Karriere setzt Uka ihre Erfolge in den USA fort, wo sie derzeit an der Brooklyn Law School lehrt<\/p>\n","protected":false},"author":31,"featured_media":918870,"comment_status":"closed","ping_status":"closed","sticky":false,"template":"","format":"standard","meta":{"footnotes":""},"categories":[23263,24636,1134,1135,3952,23262,24631,1129,1133],"tags":[],"vendi":[],"content_country":[29888,31836,31837],"class_list":["post-919069","post","type-post","status-publish","format-standard","has-post-thumbnail","hentry","category-kosova-de-2","category-nachrichten-de-4","category-integration","category-frauen","category-kosova-de","category-at-balkani-de","category-nachrichten-de-2","category-ch-balkan","category-e-diaspora-de","content_country-zvicer","content_country-austria-de","content_country-germany-de"],"acf":[],"_links":{"self":[{"href":"https:\/\/www.albinfo.ch\/de\/wp-json\/wp\/v2\/posts\/919069","targetHints":{"allow":["GET"]}}],"collection":[{"href":"https:\/\/www.albinfo.ch\/de\/wp-json\/wp\/v2\/posts"}],"about":[{"href":"https:\/\/www.albinfo.ch\/de\/wp-json\/wp\/v2\/types\/post"}],"author":[{"embeddable":true,"href":"https:\/\/www.albinfo.ch\/de\/wp-json\/wp\/v2\/users\/31"}],"replies":[{"embeddable":true,"href":"https:\/\/www.albinfo.ch\/de\/wp-json\/wp\/v2\/comments?post=919069"}],"version-history":[{"count":2,"href":"https:\/\/www.albinfo.ch\/de\/wp-json\/wp\/v2\/posts\/919069\/revisions"}],"predecessor-version":[{"id":919071,"href":"https:\/\/www.albinfo.ch\/de\/wp-json\/wp\/v2\/posts\/919069\/revisions\/919071"}],"wp:featuredmedia":[{"embeddable":true,"href":"https:\/\/www.albinfo.ch\/de\/wp-json\/wp\/v2\/media\/918870"}],"wp:attachment":[{"href":"https:\/\/www.albinfo.ch\/de\/wp-json\/wp\/v2\/media?parent=919069"}],"wp:term":[{"taxonomy":"category","embeddable":true,"href":"https:\/\/www.albinfo.ch\/de\/wp-json\/wp\/v2\/categories?post=919069"},{"taxonomy":"post_tag","embeddable":true,"href":"https:\/\/www.albinfo.ch\/de\/wp-json\/wp\/v2\/tags?post=919069"},{"taxonomy":"vendi","embeddable":true,"href":"https:\/\/www.albinfo.ch\/de\/wp-json\/wp\/v2\/vendi?post=919069"},{"taxonomy":"content_country","embeddable":true,"href":"https:\/\/www.albinfo.ch\/de\/wp-json\/wp\/v2\/content_country?post=919069"}],"curies":[{"name":"wp","href":"https:\/\/api.w.org\/{rel}","templated":true}]}}