{"id":919133,"date":"2026-04-28T16:50:25","date_gmt":"2026-04-28T14:50:25","guid":{"rendered":"https:\/\/www.albinfo.ch\/elona-beqiraj-dhe-fatbardh-kqiku-sjellin-lexim-skenik-ne-cyrih-mbi-migrimin-dhe-kujtesen-e-luftes-ne-kosove\/"},"modified":"2026-04-28T21:03:19","modified_gmt":"2026-04-28T19:03:19","slug":"elona-beqiraj-dhe-fatbardh-kqiku-sjellin-lexim-skenik-ne-cyrih-mbi-migrimin-dhe-kujtesen-e-luftes-ne-kosove","status":"publish","type":"post","link":"https:\/\/www.albinfo.ch\/de\/elona-beqiraj-dhe-fatbardh-kqiku-sjellin-lexim-skenik-ne-cyrih-mbi-migrimin-dhe-kujtesen-e-luftes-ne-kosove\/","title":{"rendered":"Elona Beqiraj und Fatbardh Kqiku bringen eine szenische Lesung in Z\u00fcrich \u00fcber Migration und die Erinnerung an den Krieg im Kosovo"},"content":{"rendered":"<p data-start=\"811\" data-end=\"1060\">Im Rahmen des Literaturfestivals &#8220;Zwischentext&#8221; findet in Z\u00fcrich eine szenische Lesung mit albanischen Autoren unter dem Titel &#8220;\u00c7ka ka mbetur mes nesh&#8221; statt, eine Performance von Elona Beqiraj und Fatbardh Kqiku, schreibt albinfo.ch.<\/p>\n<p data-start=\"1062\" data-end=\"1252\">Die Veranstaltung verbindet Text, Klang und Performance und bringt Erinnerungen und Erz\u00e4hlungen \u00fcber Migration, den Krieg im Kosovo sowie das Leben zwischen zwei L\u00e4ndern und zwei Realit\u00e4ten.<\/p>\n<p data-start=\"1254\" data-end=\"1456\">Durch einen k\u00fcnstlerischen Ansatz versucht die szenische Lesung, sich dem Gesagten und dem Ungesagten zu n\u00e4hern und Raum f\u00fcr Reflexion \u00fcber Erinnerung, Identit\u00e4t und pers\u00f6nliche Erfahrungen zu schaffen.<\/p>\n<p data-start=\"1458\" data-end=\"1621\" data-is-last-node=\"\" data-is-only-node=\"\">Die Veranstaltung findet in Z\u00fcrich an der Adresse Kirchgasse 14 statt, und Tickets k\u00f6nnen \u00fcber die offizielle Website des Festivals zwischentext.ch bezogen werden. <a href=\"https:\/\/zwischentext.ch\/Zurich\">Hier<\/a><\/p>\n","protected":false},"excerpt":{"rendered":"<p>Albanische Autoren bringen eine szenische Lesung in Z\u00fcrich \u00fcber Migration und die Erinnerung an den Krieg im Kosovo<\/p>\n","protected":false},"author":31,"featured_media":919021,"comment_status":"closed","ping_status":"closed","sticky":false,"template":"","format":"standard","meta":{"footnotes":""},"categories":[24636,24661,24631,1133,1138],"tags":[],"vendi":[],"content_country":[29888,31836,31837],"class_list":["post-919133","post","type-post","status-publish","format-standard","has-post-thumbnail","hentry","category-nachrichten-de-4","category-literatur","category-nachrichten-de-2","category-e-diaspora-de","category-kultur","content_country-zvicer","content_country-austria-de","content_country-germany-de"],"acf":[],"_links":{"self":[{"href":"https:\/\/www.albinfo.ch\/de\/wp-json\/wp\/v2\/posts\/919133","targetHints":{"allow":["GET"]}}],"collection":[{"href":"https:\/\/www.albinfo.ch\/de\/wp-json\/wp\/v2\/posts"}],"about":[{"href":"https:\/\/www.albinfo.ch\/de\/wp-json\/wp\/v2\/types\/post"}],"author":[{"embeddable":true,"href":"https:\/\/www.albinfo.ch\/de\/wp-json\/wp\/v2\/users\/31"}],"replies":[{"embeddable":true,"href":"https:\/\/www.albinfo.ch\/de\/wp-json\/wp\/v2\/comments?post=919133"}],"version-history":[{"count":2,"href":"https:\/\/www.albinfo.ch\/de\/wp-json\/wp\/v2\/posts\/919133\/revisions"}],"predecessor-version":[{"id":919137,"href":"https:\/\/www.albinfo.ch\/de\/wp-json\/wp\/v2\/posts\/919133\/revisions\/919137"}],"wp:featuredmedia":[{"embeddable":true,"href":"https:\/\/www.albinfo.ch\/de\/wp-json\/wp\/v2\/media\/919021"}],"wp:attachment":[{"href":"https:\/\/www.albinfo.ch\/de\/wp-json\/wp\/v2\/media?parent=919133"}],"wp:term":[{"taxonomy":"category","embeddable":true,"href":"https:\/\/www.albinfo.ch\/de\/wp-json\/wp\/v2\/categories?post=919133"},{"taxonomy":"post_tag","embeddable":true,"href":"https:\/\/www.albinfo.ch\/de\/wp-json\/wp\/v2\/tags?post=919133"},{"taxonomy":"vendi","embeddable":true,"href":"https:\/\/www.albinfo.ch\/de\/wp-json\/wp\/v2\/vendi?post=919133"},{"taxonomy":"content_country","embeddable":true,"href":"https:\/\/www.albinfo.ch\/de\/wp-json\/wp\/v2\/content_country?post=919133"}],"curies":[{"name":"wp","href":"https:\/\/api.w.org\/{rel}","templated":true}]}}