{"id":919156,"date":"2026-04-28T19:50:42","date_gmt":"2026-04-28T17:50:42","guid":{"rendered":"https:\/\/www.albinfo.ch\/shqiperi-shba-nenshkruhet-marreveshja-per-gazin-me-vlere-6-miliarde-dollare\/"},"modified":"2026-04-28T21:22:51","modified_gmt":"2026-04-28T19:22:51","slug":"shqiperi-shba-nenshkruhet-marreveshja-per-gazin-me-vlere-6-miliarde-dollare","status":"publish","type":"post","link":"https:\/\/www.albinfo.ch\/de\/shqiperi-shba-nenshkruhet-marreveshja-per-gazin-me-vlere-6-miliarde-dollare\/","title":{"rendered":"Albanien USA unterzeichnen ein Gasabkommen im Wert von 6 Milliarden Dollar"},"content":{"rendered":"<p data-start=\"2256\" data-end=\"2690\">Albanien hat heute ein Memorandum f\u00fcr die Entwicklung des Energie Hubs in Vlora sowie ein Rahmenabkommen im Wert von 6 Milliarden Dollar zur Versorgung mit Fl\u00fcssigerdgas unterzeichnet. Diese Schritte gelten als wichtig f\u00fcr die Diversifizierung der Energiequellen und die St\u00e4rkung der Energieunabh\u00e4ngigkeit in enger Zusammenarbeit mit den Vereinigten Staaten und in konkreter Abstimmung mit dem Nachbarland Griechenland.<\/p>\n<p data-start=\"2692\" data-end=\"2925\">Bei der Unterzeichnungszeremonie war auch die US Botschafterin in Griechenland, Kimberly Guilfoyle, anwesend. Sie erkl\u00e4rte, dass Albanien eine zunehmend wichtige Rolle als Verbindung im westlichen Balkan spielt, berichtet albinfo.ch.<\/p>\n<p data-start=\"2927\" data-end=\"3453\">&#8220;Es werden heute zwei sehr wichtige Abkommen unterzeichnet, darunter das 6 Milliarden Dollar Abkommen f\u00fcr Fl\u00fcssigerdgas, das zeigt, dass Albanien eine immer gr\u00f6\u00dfere Rolle als Verbindung im westlichen Balkan einnimmt. Im Energiesektor gehen Sicherheit und Wohlstand Hand in Hand. Das Memorandum f\u00fcr die Studie, Entwicklung, den Bau und die Inbetriebnahme eines zentralen Energiezentrums einschlie\u00dflich einer Gasanlage zeigt, wie wichtig der albanischen Regierung nachhaltige Energie zum Nutzen der B\u00fcrger ist&#8221;, sagte Guilfoyle.<\/p>\n<p data-start=\"3455\" data-end=\"3669\">Der albanische Premierminister Edi Rama erkl\u00e4rte seinerseits, dass dieses Abkommen eine gro\u00dfe Investition ins Land bringen werde und Vlora zu einem strategischen Knotenpunkt f\u00fcr Energie in S\u00fcdosteuropa machen soll.<\/p>\n<p data-start=\"3671\" data-end=\"4200\">&#8220;Unmittelbar nach unseren Gespr\u00e4chen mit den zust\u00e4ndigen Stellen in Washington haben wir heute ein au\u00dfergew\u00f6hnliches Abkommen, das eine sehr gro\u00dfe Investition, moderne Technologien und Liefervertr\u00e4ge bringen wird. Vlora wird somit zu einem zentralen Punkt f\u00fcr Energie in S\u00fcdosteuropa. Ich m\u00f6chte auch die Bedeutung der St\u00e4rkung der Zusammenarbeit zwischen Albanien und Griechenland hervorheben, insbesondere in Bezug auf Energieversorgung, Energieproduktion und die Widerstandsf\u00e4higkeit der Energieunabh\u00e4ngigkeit&#8221;, erkl\u00e4rte Rama.<\/p>\n<p data-start=\"4202\" data-end=\"4465\" data-is-last-node=\"\" data-is-only-node=\"\">Laut ihm wird Albanien durch diese Positionierung als Verbindungspunkt dazu beitragen, dass Energiefl\u00fcsse durch den westlichen Balkan verlaufen, die Stabilit\u00e4t der Region st\u00e4rken und die Energiesicherheit der Nachbarl\u00e4nder verbessern, was ein Grund zum Stolz sei.<\/p>\n","protected":false},"excerpt":{"rendered":"<p>Die US Botschafterin in Griechenland, Kimberly Guilfoyle, erkl\u00e4rte in ihrer Rede, dass Albanien eine zunehmend wichtige Rolle als Verbindung im westlichen Balkan spielt<\/p>\n","protected":false},"author":14,"featured_media":919045,"comment_status":"closed","ping_status":"closed","sticky":false,"template":"","format":"standard","meta":{"footnotes":""},"categories":[10649,1129],"tags":[],"vendi":[],"content_country":[29888,31836,31837],"class_list":["post-919156","post","type-post","status-publish","format-standard","has-post-thumbnail","hentry","category-albanien","category-ch-balkan","content_country-zvicer","content_country-austria-de","content_country-germany-de"],"acf":[],"_links":{"self":[{"href":"https:\/\/www.albinfo.ch\/de\/wp-json\/wp\/v2\/posts\/919156","targetHints":{"allow":["GET"]}}],"collection":[{"href":"https:\/\/www.albinfo.ch\/de\/wp-json\/wp\/v2\/posts"}],"about":[{"href":"https:\/\/www.albinfo.ch\/de\/wp-json\/wp\/v2\/types\/post"}],"author":[{"embeddable":true,"href":"https:\/\/www.albinfo.ch\/de\/wp-json\/wp\/v2\/users\/14"}],"replies":[{"embeddable":true,"href":"https:\/\/www.albinfo.ch\/de\/wp-json\/wp\/v2\/comments?post=919156"}],"version-history":[{"count":2,"href":"https:\/\/www.albinfo.ch\/de\/wp-json\/wp\/v2\/posts\/919156\/revisions"}],"predecessor-version":[{"id":919162,"href":"https:\/\/www.albinfo.ch\/de\/wp-json\/wp\/v2\/posts\/919156\/revisions\/919162"}],"wp:featuredmedia":[{"embeddable":true,"href":"https:\/\/www.albinfo.ch\/de\/wp-json\/wp\/v2\/media\/919045"}],"wp:attachment":[{"href":"https:\/\/www.albinfo.ch\/de\/wp-json\/wp\/v2\/media?parent=919156"}],"wp:term":[{"taxonomy":"category","embeddable":true,"href":"https:\/\/www.albinfo.ch\/de\/wp-json\/wp\/v2\/categories?post=919156"},{"taxonomy":"post_tag","embeddable":true,"href":"https:\/\/www.albinfo.ch\/de\/wp-json\/wp\/v2\/tags?post=919156"},{"taxonomy":"vendi","embeddable":true,"href":"https:\/\/www.albinfo.ch\/de\/wp-json\/wp\/v2\/vendi?post=919156"},{"taxonomy":"content_country","embeddable":true,"href":"https:\/\/www.albinfo.ch\/de\/wp-json\/wp\/v2\/content_country?post=919156"}],"curies":[{"name":"wp","href":"https:\/\/api.w.org\/{rel}","templated":true}]}}