{"id":919488,"date":"2026-04-29T15:38:58","date_gmt":"2026-04-29T13:38:58","guid":{"rendered":"https:\/\/www.albinfo.ch\/presidenti-i-zvicres-guy-parmelin-pritet-nga-presidentja-siljanovska-davkova\/"},"modified":"2026-04-29T23:19:42","modified_gmt":"2026-04-29T21:19:42","slug":"presidenti-i-zvicres-guy-parmelin-pritet-nga-presidentja-siljanovska-davkova","status":"publish","type":"post","link":"https:\/\/www.albinfo.ch\/de\/presidenti-i-zvicres-guy-parmelin-pritet-nga-presidentja-siljanovska-davkova\/","title":{"rendered":"Der Pr\u00e4sident der Schweiz Guy Parmelin wird von Pr\u00e4sidentin Siljanovska Davkova empfangen"},"content":{"rendered":"<p data-start=\"2250\" data-end=\"2499\">Der Pr\u00e4sident der Schweiz Guy Parmelin befindet sich zu einem offiziellen Besuch in Nordmazedonien, wo er von Pr\u00e4sidentin Gordana Siljanovska Davkova mit hohen staatlichen und milit\u00e4rischen Ehren empfangen wurde, berichtet albinfo.ch.<\/p>\n<p data-start=\"2501\" data-end=\"2836\">Nach der offiziellen Empfangszeremonie f\u00fchrten die beiden Pr\u00e4sidenten ein Gespr\u00e4ch unter vier Augen, gefolgt von einer Plenarsitzung der jeweiligen Delegationen. Im Mittelpunkt der Gespr\u00e4che standen die bilateralen Beziehungen, die St\u00e4rkung der wirtschaftlichen Zusammenarbeit sowie der europ\u00e4ische Integrationsprozess Nordmazedoniens.<\/p>\n<p data-start=\"2838\" data-end=\"3333\">Pr\u00e4sidentin Siljanovska Davkova \u00e4u\u00dferte ihre Dankbarkeit f\u00fcr die kontinuierliche Unterst\u00fctzung der Schweiz im Ann\u00e4herungsprozess an die Europ\u00e4ische Union sowie f\u00fcr Beitr\u00e4ge in wichtigen Bereichen wie Rechtsstaatlichkeit, St\u00e4rkung der demokratischen Institutionen und Schutz nat\u00fcrlicher Ressourcen. Sie betonte die Bedeutung der Kopenhagener Kriterien und unterstrich, dass ihr Land geografisch, historisch und kulturell Teil Europas sei und eine faire Behandlung im Integrationsprozess verdiene.<\/p>\n<p data-start=\"3335\" data-end=\"3478\">&#8220;Was wir verlangen, ist, dass wir uns auf Reformen konzentrieren und keine Energie f\u00fcr irrationale Fragen verschwenden&#8221;, sagte die Pr\u00e4sidentin.<\/p>\n<p data-start=\"3480\" data-end=\"3836\">Der Schweizer Pr\u00e4sident Guy Parmelin betonte seinerseits, dass der Besuch auch der Vertiefung der wirtschaftlichen Zusammenarbeit und der Verbesserung der Bedingungen f\u00fcr Handelsbeziehungen diene. Er hob die Bedeutung von Rechtsstaatlichkeit, funktionierenden Institutionen und politischer Stabilit\u00e4t als Voraussetzungen f\u00fcr nachhaltige Entwicklung hervor.<\/p>\n<p data-start=\"3838\" data-end=\"4038\">&#8220;Die Schweiz misst Frieden und Stabilit\u00e4t im westlichen Balkan gro\u00dfe Bedeutung bei. Die europ\u00e4ische Integration bleibt ein zentraler Faktor f\u00fcr Frieden und Wohlstand in der Region&#8221;, erkl\u00e4rte Parmelin.<\/p>\n<p data-start=\"4040\" data-end=\"4406\" data-is-last-node=\"\" data-is-only-node=\"\">W\u00e4hrend des Besuchs traf sich der Schweizer Pr\u00e4sident auch mit dem Parlamentspr\u00e4sidenten Afrim Gashi sowie mit dem Premierminister Hristijan Mickoski. Im weiteren Verlauf der Agenda fand zudem ein Treffen zwischen Wirtschaftsvertretern aus der Schweiz und Nordmazedonien statt, mit dem Ziel, die wirtschaftliche Zusammenarbeit zwischen den beiden L\u00e4ndern zu st\u00e4rken.\/Albinfo.ch<\/p>\n","protected":false},"excerpt":{"rendered":"<p>Offizieller Besuch des Schweizer Pr\u00e4sidenten Guy Parmelin in Nordmazedonien, im Fokus europ\u00e4ische Integration und wirtschaftliche Zusammenarbeit<\/p>\n","protected":false},"author":31,"featured_media":919383,"comment_status":"closed","ping_status":"closed","sticky":false,"template":"","format":"standard","meta":{"footnotes":""},"categories":[24626,23265,23262,24006,24631,1129,1140],"tags":[],"vendi":[],"content_country":[29888,31836,31837],"class_list":["post-919488","post","type-post","status-publish","format-standard","has-post-thumbnail","hentry","category-nord-macedonia-de-2","category-nord-macedonia","category-at-balkani-de","category-lajme-jeta-ne-zvicer-de","category-nachrichten-de-2","category-ch-balkan","category-leben-in-der-schweiz","content_country-zvicer","content_country-austria-de","content_country-germany-de"],"acf":[],"_links":{"self":[{"href":"https:\/\/www.albinfo.ch\/de\/wp-json\/wp\/v2\/posts\/919488","targetHints":{"allow":["GET"]}}],"collection":[{"href":"https:\/\/www.albinfo.ch\/de\/wp-json\/wp\/v2\/posts"}],"about":[{"href":"https:\/\/www.albinfo.ch\/de\/wp-json\/wp\/v2\/types\/post"}],"author":[{"embeddable":true,"href":"https:\/\/www.albinfo.ch\/de\/wp-json\/wp\/v2\/users\/31"}],"replies":[{"embeddable":true,"href":"https:\/\/www.albinfo.ch\/de\/wp-json\/wp\/v2\/comments?post=919488"}],"version-history":[{"count":2,"href":"https:\/\/www.albinfo.ch\/de\/wp-json\/wp\/v2\/posts\/919488\/revisions"}],"predecessor-version":[{"id":919490,"href":"https:\/\/www.albinfo.ch\/de\/wp-json\/wp\/v2\/posts\/919488\/revisions\/919490"}],"wp:featuredmedia":[{"embeddable":true,"href":"https:\/\/www.albinfo.ch\/de\/wp-json\/wp\/v2\/media\/919383"}],"wp:attachment":[{"href":"https:\/\/www.albinfo.ch\/de\/wp-json\/wp\/v2\/media?parent=919488"}],"wp:term":[{"taxonomy":"category","embeddable":true,"href":"https:\/\/www.albinfo.ch\/de\/wp-json\/wp\/v2\/categories?post=919488"},{"taxonomy":"post_tag","embeddable":true,"href":"https:\/\/www.albinfo.ch\/de\/wp-json\/wp\/v2\/tags?post=919488"},{"taxonomy":"vendi","embeddable":true,"href":"https:\/\/www.albinfo.ch\/de\/wp-json\/wp\/v2\/vendi?post=919488"},{"taxonomy":"content_country","embeddable":true,"href":"https:\/\/www.albinfo.ch\/de\/wp-json\/wp\/v2\/content_country?post=919488"}],"curies":[{"name":"wp","href":"https:\/\/api.w.org\/{rel}","templated":true}]}}