{"id":919496,"date":"2026-04-29T15:50:23","date_gmt":"2026-04-29T13:50:23","guid":{"rendered":"https:\/\/www.albinfo.ch\/ne-lozane-hapet-ekspozita-tresors-vestimentaires-kushtuar-veshjeve-tradicionale-shqiptare\/"},"modified":"2026-04-29T23:27:07","modified_gmt":"2026-04-29T21:27:07","slug":"ne-lozane-hapet-ekspozita-tresors-vestimentaires-kushtuar-veshjeve-tradicionale-shqiptare","status":"publish","type":"post","link":"https:\/\/www.albinfo.ch\/de\/ne-lozane-hapet-ekspozita-tresors-vestimentaires-kushtuar-veshjeve-tradicionale-shqiptare\/","title":{"rendered":"In Lausanne wird die Ausstellung &#8220;Tr\u00e9sors Vestimentaires&#8221; er\u00f6ffnet, die den traditionellen albanischen Trachten gewidmet ist"},"content":{"rendered":"<p data-start=\"1137\" data-end=\"1391\">Am 2 Mai 2026 findet in den R\u00e4umlichkeiten der Universit\u00e4t Lausanne UNIL die Ausstellung &#8220;Tr\u00e9sors Vestimentaires&#8221; statt, eine besondere kulturelle Veranstaltung, die dem Reichtum der albanischen Trachten gewidmet ist, berichtet albinfo.ch.<\/p>\n<p data-start=\"1393\" data-end=\"1582\">Die Ausstellung wird von 13:00 bis 18:00 Uhr im Geb\u00e4ude G\u00e9opolis, Raum 1612, stattfinden und dem Publikum eine seltene Sammlung albanischer Trachten aus verschiedenen Regionen pr\u00e4sentieren.<\/p>\n<p data-start=\"1584\" data-end=\"1803\">Durch diese Ausstellung haben die Besucher die M\u00f6glichkeit, die Vielfalt, Eleganz und kulturelle Identit\u00e4t Albaniens aus n\u00e4chster N\u00e4he zu erleben, die \u00fcber Jahrhunderte hinweg durch traditionelle Kleidung bewahrt wurde.<\/p>\n<p data-start=\"1805\" data-end=\"2000\">Die Veranstaltung wird mit der Sammlung von Flora Balaj organisiert, und das Programm umfasst auch ein Intermezzo mit albanischen Volkst\u00e4nzen, das dem Event eine authentische Atmosph\u00e4re verleiht.<\/p>\n<p data-start=\"2002\" data-end=\"2240\">Es wird erwartet, dass die Veranstaltung die albanische Gemeinschaft in der Schweiz, Studierende, Forschende und Kulturinteressierte zusammenbringt und das nationale kulturelle Erbe in einer der bekanntesten Universit\u00e4ten Europas f\u00f6rdert.<\/p>\n<p data-start=\"2242\" data-end=\"2314\" data-is-last-node=\"\" data-is-only-node=\"\">Der Eintritt zur Ausstellung ist f\u00fcr die \u00d6ffentlichkeit frei zug\u00e4nglich.\/Albinfo.ch<\/p>\n<p><img loading=\"lazy\" decoding=\"async\" class=\"alignnone wp-image-919365\" src=\"https:\/\/www.albinfo.ch\/wp-content\/uploads\/2026\/04\/5794d5da53b0f8281810d59eb86c804e-819x1024.jpeg\" alt=\"\" width=\"500\" height=\"625\" srcset=\"https:\/\/www.albinfo.ch\/wp-content\/uploads\/2026\/04\/5794d5da53b0f8281810d59eb86c804e-819x1024.jpeg 819w, https:\/\/www.albinfo.ch\/wp-content\/uploads\/2026\/04\/5794d5da53b0f8281810d59eb86c804e-240x300.jpeg 240w, https:\/\/www.albinfo.ch\/wp-content\/uploads\/2026\/04\/5794d5da53b0f8281810d59eb86c804e-768x960.jpeg 768w, https:\/\/www.albinfo.ch\/wp-content\/uploads\/2026\/04\/5794d5da53b0f8281810d59eb86c804e-317x396.jpeg 317w, https:\/\/www.albinfo.ch\/wp-content\/uploads\/2026\/04\/5794d5da53b0f8281810d59eb86c804e-80x100.jpeg 80w, https:\/\/www.albinfo.ch\/wp-content\/uploads\/2026\/04\/5794d5da53b0f8281810d59eb86c804e-140x175.jpeg 140w, https:\/\/www.albinfo.ch\/wp-content\/uploads\/2026\/04\/5794d5da53b0f8281810d59eb86c804e.jpeg 1080w\" sizes=\"auto, (max-width: 500px) 100vw, 500px\" \/><\/p>\n","protected":false},"excerpt":{"rendered":"<p>Am 2 Mai 2026 wird an der Universit\u00e4t Lausanne die Kollektion von Flora Balaj mit albanischen Trachten pr\u00e4sentiert, begleitet von Volkst\u00e4nzen<\/p>\n","protected":false},"author":31,"featured_media":919370,"comment_status":"closed","ping_status":"closed","sticky":false,"template":"","format":"standard","meta":{"footnotes":""},"categories":[24636,3908,24667,24631,1133,1138,1154],"tags":[],"vendi":[31877],"content_country":[29888,31836,31837],"class_list":["post-919496","post","type-post","status-publish","format-standard","has-post-thumbnail","hentry","category-nachrichten-de-4","category-meinungen","category-ausstellung","category-nachrichten-de-2","category-e-diaspora-de","category-kultur","category-tagebuch","vendi-waadt","content_country-zvicer","content_country-austria-de","content_country-germany-de"],"acf":[],"_links":{"self":[{"href":"https:\/\/www.albinfo.ch\/de\/wp-json\/wp\/v2\/posts\/919496","targetHints":{"allow":["GET"]}}],"collection":[{"href":"https:\/\/www.albinfo.ch\/de\/wp-json\/wp\/v2\/posts"}],"about":[{"href":"https:\/\/www.albinfo.ch\/de\/wp-json\/wp\/v2\/types\/post"}],"author":[{"embeddable":true,"href":"https:\/\/www.albinfo.ch\/de\/wp-json\/wp\/v2\/users\/31"}],"replies":[{"embeddable":true,"href":"https:\/\/www.albinfo.ch\/de\/wp-json\/wp\/v2\/comments?post=919496"}],"version-history":[{"count":2,"href":"https:\/\/www.albinfo.ch\/de\/wp-json\/wp\/v2\/posts\/919496\/revisions"}],"predecessor-version":[{"id":919498,"href":"https:\/\/www.albinfo.ch\/de\/wp-json\/wp\/v2\/posts\/919496\/revisions\/919498"}],"wp:featuredmedia":[{"embeddable":true,"href":"https:\/\/www.albinfo.ch\/de\/wp-json\/wp\/v2\/media\/919370"}],"wp:attachment":[{"href":"https:\/\/www.albinfo.ch\/de\/wp-json\/wp\/v2\/media?parent=919496"}],"wp:term":[{"taxonomy":"category","embeddable":true,"href":"https:\/\/www.albinfo.ch\/de\/wp-json\/wp\/v2\/categories?post=919496"},{"taxonomy":"post_tag","embeddable":true,"href":"https:\/\/www.albinfo.ch\/de\/wp-json\/wp\/v2\/tags?post=919496"},{"taxonomy":"vendi","embeddable":true,"href":"https:\/\/www.albinfo.ch\/de\/wp-json\/wp\/v2\/vendi?post=919496"},{"taxonomy":"content_country","embeddable":true,"href":"https:\/\/www.albinfo.ch\/de\/wp-json\/wp\/v2\/content_country?post=919496"}],"curies":[{"name":"wp","href":"https:\/\/api.w.org\/{rel}","templated":true}]}}