{"id":919705,"date":"2026-04-30T10:50:59","date_gmt":"2026-04-30T08:50:59","guid":{"rendered":"https:\/\/www.albinfo.ch\/profesori-shqiptar-fiton-bursen-prestigjioze-sher-fellowships-ne-austri\/"},"modified":"2026-04-30T22:46:45","modified_gmt":"2026-04-30T20:46:45","slug":"profesori-shqiptar-fiton-bursen-prestigjioze-sher-fellowships-ne-austri","status":"publish","type":"post","link":"https:\/\/www.albinfo.ch\/de\/profesori-shqiptar-fiton-bursen-prestigjioze-sher-fellowships-ne-austri\/","title":{"rendered":"Ein albanischer Professor gewinnt das prestigetr\u00e4chtige SHER Fellowships Stipendium in \u00d6sterreich"},"content":{"rendered":"<p data-start=\"837\" data-end=\"1146\">Die Universit\u00e4t &#8220;Isa Boletini&#8221; in Mitrovica UMIB hat bekannt gegeben, dass Prof Ass Dr Zahir \u00c7erkini Stipendiat des prestigetr\u00e4chtigen SHER Fellowships Post Doc Grant ist, das von der OeAD, der \u00d6sterreichischen Agentur f\u00fcr Bildung und Internationalisierung, vergeben wird, berichtet albinfo.ch.<\/p>\n<p data-start=\"1148\" data-end=\"1281\">Er wird seine wissenschaftliche Forschung an der Universit\u00e4t Graz in \u00d6sterreich im Zeitraum vom 20 Juni bis 19 Juli 2026 durchf\u00fchren.<\/p>\n<p data-start=\"1283\" data-end=\"1573\">Laut Mitteilung tr\u00e4gt sein Projekt den Titel &#8220;The Constitutional Position of EU Law in Kosovo: A Multilevel Constitutionalism Analysis&#8221; und befasst sich mit dem europ\u00e4ischen Integrationsprozess sowie mit dem Verh\u00e4ltnis zwischen dem EU Recht und dem verfassungsrechtlichen System des Kosovo.<\/p>\n<p data-start=\"1575\" data-end=\"1722\" data-is-last-node=\"\" data-is-only-node=\"\">Dieses Engagement gilt als bedeutende akademische und wissenschaftliche Leistung im Bereich des Verfassungsrechts und der europ\u00e4ischen Integration.\/Albinfo.ch<\/p>\n<p>&nbsp;<\/p>\n<p><img loading=\"lazy\" decoding=\"async\" class=\"alignnone wp-image-919510\" src=\"https:\/\/www.albinfo.ch\/wp-content\/uploads\/2026\/04\/img_9155-768x1024.jpeg\" alt=\"\" width=\"500\" height=\"667\" srcset=\"https:\/\/www.albinfo.ch\/wp-content\/uploads\/2026\/04\/img_9155-768x1024.jpeg 768w, https:\/\/www.albinfo.ch\/wp-content\/uploads\/2026\/04\/img_9155-225x300.jpeg 225w, https:\/\/www.albinfo.ch\/wp-content\/uploads\/2026\/04\/img_9155-1152x1536.jpeg 1152w, https:\/\/www.albinfo.ch\/wp-content\/uploads\/2026\/04\/img_9155-297x396.jpeg 297w, https:\/\/www.albinfo.ch\/wp-content\/uploads\/2026\/04\/img_9155-75x100.jpeg 75w, https:\/\/www.albinfo.ch\/wp-content\/uploads\/2026\/04\/img_9155-131x175.jpeg 131w, https:\/\/www.albinfo.ch\/wp-content\/uploads\/2026\/04\/img_9155.jpeg 1200w\" sizes=\"auto, (max-width: 500px) 100vw, 500px\" \/><\/p>\n","protected":false},"excerpt":{"rendered":"<p>Zahir \u00c7erkini wurde f\u00fcr das internationale SHER Fellowships Post Doc Grant Stipendium ausgew\u00e4hlt, das von der OeAD in \u00d6sterreich vergeben wird<\/p>\n","protected":false},"author":31,"featured_media":919509,"comment_status":"closed","ping_status":"closed","sticky":false,"template":"","format":"standard","meta":{"footnotes":""},"categories":[23263,24636,3952,22803,23120,23262,24631,1129,1133],"tags":[],"vendi":[],"content_country":[29888,31836,31837],"class_list":["post-919705","post","type-post","status-publish","format-standard","has-post-thumbnail","hentry","category-kosova-de-2","category-nachrichten-de-4","category-kosova-de","category-leben-in-osterreich-de","category-nachrichten","category-at-balkani-de","category-nachrichten-de-2","category-ch-balkan","category-e-diaspora-de","content_country-zvicer","content_country-austria-de","content_country-germany-de"],"acf":[],"_links":{"self":[{"href":"https:\/\/www.albinfo.ch\/de\/wp-json\/wp\/v2\/posts\/919705","targetHints":{"allow":["GET"]}}],"collection":[{"href":"https:\/\/www.albinfo.ch\/de\/wp-json\/wp\/v2\/posts"}],"about":[{"href":"https:\/\/www.albinfo.ch\/de\/wp-json\/wp\/v2\/types\/post"}],"author":[{"embeddable":true,"href":"https:\/\/www.albinfo.ch\/de\/wp-json\/wp\/v2\/users\/31"}],"replies":[{"embeddable":true,"href":"https:\/\/www.albinfo.ch\/de\/wp-json\/wp\/v2\/comments?post=919705"}],"version-history":[{"count":2,"href":"https:\/\/www.albinfo.ch\/de\/wp-json\/wp\/v2\/posts\/919705\/revisions"}],"predecessor-version":[{"id":919708,"href":"https:\/\/www.albinfo.ch\/de\/wp-json\/wp\/v2\/posts\/919705\/revisions\/919708"}],"wp:featuredmedia":[{"embeddable":true,"href":"https:\/\/www.albinfo.ch\/de\/wp-json\/wp\/v2\/media\/919509"}],"wp:attachment":[{"href":"https:\/\/www.albinfo.ch\/de\/wp-json\/wp\/v2\/media?parent=919705"}],"wp:term":[{"taxonomy":"category","embeddable":true,"href":"https:\/\/www.albinfo.ch\/de\/wp-json\/wp\/v2\/categories?post=919705"},{"taxonomy":"post_tag","embeddable":true,"href":"https:\/\/www.albinfo.ch\/de\/wp-json\/wp\/v2\/tags?post=919705"},{"taxonomy":"vendi","embeddable":true,"href":"https:\/\/www.albinfo.ch\/de\/wp-json\/wp\/v2\/vendi?post=919705"},{"taxonomy":"content_country","embeddable":true,"href":"https:\/\/www.albinfo.ch\/de\/wp-json\/wp\/v2\/content_country?post=919705"}],"curies":[{"name":"wp","href":"https:\/\/api.w.org\/{rel}","templated":true}]}}