{"id":919806,"date":"2026-04-30T23:10:22","date_gmt":"2026-04-30T21:10:22","guid":{"rendered":"https:\/\/www.albinfo.ch\/boom-teknologjik-ne-kosove-si-po-e-mban-it-ja-rinine-ne-vend-dhe-po-ndryshon-ekonomine\/"},"modified":"2026-05-01T00:32:30","modified_gmt":"2026-04-30T22:32:30","slug":"boom-teknologjik-ne-kosove-si-po-e-mban-it-ja-rinine-ne-vend-dhe-po-ndryshon-ekonomine","status":"publish","type":"post","link":"https:\/\/www.albinfo.ch\/de\/boom-teknologjik-ne-kosove-si-po-e-mban-it-ja-rinine-ne-vend-dhe-po-ndryshon-ekonomine\/","title":{"rendered":"Technologischer Boom im Kosovo, wie die IT Branche die Jugend im Land h\u00e4lt und die Wirtschaft ver\u00e4ndert"},"content":{"rendered":"<p data-start=\"2099\" data-end=\"2356\">Bloomberg hat dem technologischen Sektor im Kosovo einen Artikel gewidmet und hervorgehoben, dass dieser Bereich einen deutlichen Einfluss auf die Senkung der Jugendarbeitslosigkeit hat und gleichzeitig die Abwanderung junger Menschen bremst.<\/p>\n<p data-start=\"2358\" data-end=\"2640\">In Pristina berichten Vertreter der IT Branche aus dem Innovationszentrum des Kosovo, dass sich die Stadt in den letzten Jahren stark ver\u00e4ndert hat, mit modernen Geb\u00e4uden, in denen zahlreiche Technologieunternehmen t\u00e4tig sind, darunter auch Startups mit internationaler Ausrichtung.<\/p>\n<p data-start=\"2642\" data-end=\"3013\">Demnach hat die Entwicklung der Technologie nicht nur zu einem urbanen Wandel gef\u00fchrt, sondern auch direkte Auswirkungen auf die Wirtschaft gehabt, indem die Jugendarbeitslosigkeit deutlich gesenkt wurde, eines der gr\u00f6\u00dften Probleme nach dem Krieg. Die Arbeitslosigkeit in dieser Altersgruppe ist von etwa 61 Prozent im Jahr 2014 auf rund 10 Prozent im Jahr 2025 gesunken.<\/p>\n<p data-start=\"3015\" data-end=\"3319\">Das Wachstum der Online Arbeit w\u00e4hrend der Pandemie hat diesen Trend weiter beschleunigt und zus\u00e4tzliche Besch\u00e4ftigungsm\u00f6glichkeiten im IT Bereich geschaffen. Derzeit sind tausende Menschen in Technologieunternehmen im Kosovo besch\u00e4ftigt, wo die Geh\u00e4lter deutlich \u00fcber dem nationalen Durchschnitt liegen.<\/p>\n<p data-start=\"3321\" data-end=\"3513\">Dennoch ist es dem Land bisher nicht gelungen, gro\u00dfe globale Technologiekonzerne anzuziehen, und die Entwicklung wird weiterhin haupts\u00e4chlich von lokalen Unternehmen und der Diaspora getragen.<\/p>\n<p data-start=\"3515\" data-end=\"3745\">Internationale Investitionen sowie Innovationszentren haben ebenfalls eine wichtige Rolle beim Wachstum des Sektors gespielt, indem sie tausende junge Menschen ausgebildet und zur Gr\u00fcndung von hunderten Startups beigetragen haben.<\/p>\n<p data-start=\"3747\" data-end=\"4034\">Trotz der Fortschritte bestehen weiterhin Herausforderungen in den Bereichen Bildung, berufliche Qualifikation und Infrastruktur. Experten betonen, dass Unternehmen h\u00e4ufig gezwungen sind, ihre Mitarbeiter selbst auszubilden, da die erforderlichen F\u00e4higkeiten auf dem Arbeitsmarkt fehlen.<\/p>\n<p data-start=\"4036\" data-end=\"4226\" data-is-last-node=\"\" data-is-only-node=\"\">Beh\u00f6rden und Branchenvertreter sind der Ansicht, dass der Kosovo mit mehr Investitionen und Reformen seine Position als regionales Zentrum f\u00fcr Technologie und Innovation weiter st\u00e4rken kann.<\/p>\n","protected":false},"excerpt":{"rendered":"<p>Bloomberg hat dem technologischen Sektor im Kosovo einen Artikel gewidmet und hervorgehoben, dass dieser Bereich einen deutlichen Einfluss auf die Senkung der Jugendarbeitslosigkeit hat und gleichzeitig die Abwanderung junger Menschen bremst. In Pristina berichten Vertreter der IT Branche aus dem Innovationszentrum des Kosovo, dass sich die Stadt in den letzten Jahren stark ver\u00e4ndert hat, mit [&hellip;]<\/p>\n","protected":false},"author":40,"featured_media":504343,"comment_status":"closed","ping_status":"closed","sticky":false,"template":"","format":"standard","meta":{"footnotes":""},"categories":[33056,23263,1130,3952,23269,23262,24621,24631,24635,1129],"tags":[],"vendi":[],"content_country":[29888,31836,31837],"class_list":["post-919806","post","type-post","status-publish","format-standard","has-post-thumbnail","hentry","category-de-balkani-de","category-kosova-de-2","category-aktuell","category-kosova-de","category-news","category-at-balkani-de","category-kosova-de-3","category-nachrichten-de-2","category-nachrichten-de-3","category-ch-balkan","content_country-zvicer","content_country-austria-de","content_country-germany-de"],"acf":[],"_links":{"self":[{"href":"https:\/\/www.albinfo.ch\/de\/wp-json\/wp\/v2\/posts\/919806","targetHints":{"allow":["GET"]}}],"collection":[{"href":"https:\/\/www.albinfo.ch\/de\/wp-json\/wp\/v2\/posts"}],"about":[{"href":"https:\/\/www.albinfo.ch\/de\/wp-json\/wp\/v2\/types\/post"}],"author":[{"embeddable":true,"href":"https:\/\/www.albinfo.ch\/de\/wp-json\/wp\/v2\/users\/40"}],"replies":[{"embeddable":true,"href":"https:\/\/www.albinfo.ch\/de\/wp-json\/wp\/v2\/comments?post=919806"}],"version-history":[{"count":1,"href":"https:\/\/www.albinfo.ch\/de\/wp-json\/wp\/v2\/posts\/919806\/revisions"}],"predecessor-version":[{"id":919810,"href":"https:\/\/www.albinfo.ch\/de\/wp-json\/wp\/v2\/posts\/919806\/revisions\/919810"}],"wp:featuredmedia":[{"embeddable":true,"href":"https:\/\/www.albinfo.ch\/de\/wp-json\/wp\/v2\/media\/504343"}],"wp:attachment":[{"href":"https:\/\/www.albinfo.ch\/de\/wp-json\/wp\/v2\/media?parent=919806"}],"wp:term":[{"taxonomy":"category","embeddable":true,"href":"https:\/\/www.albinfo.ch\/de\/wp-json\/wp\/v2\/categories?post=919806"},{"taxonomy":"post_tag","embeddable":true,"href":"https:\/\/www.albinfo.ch\/de\/wp-json\/wp\/v2\/tags?post=919806"},{"taxonomy":"vendi","embeddable":true,"href":"https:\/\/www.albinfo.ch\/de\/wp-json\/wp\/v2\/vendi?post=919806"},{"taxonomy":"content_country","embeddable":true,"href":"https:\/\/www.albinfo.ch\/de\/wp-json\/wp\/v2\/content_country?post=919806"}],"curies":[{"name":"wp","href":"https:\/\/api.w.org\/{rel}","templated":true}]}}