{"id":919861,"date":"2026-05-01T09:45:35","date_gmt":"2026-05-01T07:45:35","guid":{"rendered":"https:\/\/www.albinfo.ch\/balfin-real-estate-pjese-e-kosova-finance-forum-cfare-po-ndryshon-realisht-ne-tregun-e-pronave-ne-rajon\/"},"modified":"2026-05-01T10:30:40","modified_gmt":"2026-05-01T08:30:40","slug":"balfin-real-estate-pjese-e-kosova-finance-forum-cfare-po-ndryshon-realisht-ne-tregun-e-pronave-ne-rajon","status":"publish","type":"post","link":"https:\/\/www.albinfo.ch\/de\/balfin-real-estate-pjese-e-kosova-finance-forum-cfare-po-ndryshon-realisht-ne-tregun-e-pronave-ne-rajon\/","title":{"rendered":"Balfin Real Estate beim Kosova Finance Forum, was ver\u00e4ndert sich wirklich auf dem Immobilienmarkt in der Region"},"content":{"rendered":"<p data-start=\"1018\" data-end=\"1475\">Balfin Real Estate war Teil der zweiten Ausgabe des Kosova Finance Forum, einer wichtigen regionalen Plattform zur Diskussion wirtschaftlicher Entwicklungen und Investitionstrends. Das Forum brachte hochrangige Vertreter aus dem \u00f6ffentlichen und privaten Sektor sowie aus Finanzinstitutionen der Region und Europas zusammen und wurde zu einem zentralen Ort f\u00fcr den Austausch \u00fcber wirtschaftliche Entwicklungen und Investitionen in der Region.<\/p>\n<p data-start=\"1477\" data-end=\"2035\" data-is-last-node=\"\" data-is-only-node=\"\">Im Rahmen des Panels &#8220;Real Estate Investment Trends in the Western Balkans&#8221; betonte die CEO von Balfin Real Estate, Ledia Telhai, dass die Entwicklung des Immobiliensektors die wirtschaftliche Stabilit\u00e4t und die F\u00e4higkeit der L\u00e4nder widerspiegelt, langfristige Investitionen anzuziehen. Sie hob hervor, dass laut Studien von PwC, CBRE, Colliers und Knight Frank der globale Markt in eine positivere Phase eintritt, Investoren jedoch selektiver geworden sind und sich st\u00e4rker auf Standorte, vertrauensw\u00fcrdige Entwickler und nachhaltige Projekte konzentrieren.<\/p>\n<p><a href=\"https:\/\/www.albinfo.ch\/wp-content\/uploads\/2026\/04\/2-scaled.jpg\"><img loading=\"lazy\" decoding=\"async\" class=\"alignnone size-large wp-image-919668\" src=\"https:\/\/www.albinfo.ch\/wp-content\/uploads\/2026\/04\/2-1024x683.jpg\" alt=\"\" width=\"640\" height=\"427\" srcset=\"https:\/\/www.albinfo.ch\/wp-content\/uploads\/2026\/04\/2-1024x683.jpg 1024w, https:\/\/www.albinfo.ch\/wp-content\/uploads\/2026\/04\/2-300x200.jpg 300w, https:\/\/www.albinfo.ch\/wp-content\/uploads\/2026\/04\/2-768x512.jpg 768w, https:\/\/www.albinfo.ch\/wp-content\/uploads\/2026\/04\/2-1536x1024.jpg 1536w, https:\/\/www.albinfo.ch\/wp-content\/uploads\/2026\/04\/2-2048x1365.jpg 2048w, https:\/\/www.albinfo.ch\/wp-content\/uploads\/2026\/04\/2-210x141.jpg 210w, https:\/\/www.albinfo.ch\/wp-content\/uploads\/2026\/04\/2-587x391.jpg 587w, https:\/\/www.albinfo.ch\/wp-content\/uploads\/2026\/04\/2-150x100.jpg 150w, https:\/\/www.albinfo.ch\/wp-content\/uploads\/2026\/04\/2-263x175.jpg 263w\" sizes=\"auto, (max-width: 640px) 100vw, 640px\" \/><\/a><\/p>\n<p data-start=\"730\" data-end=\"1171\">Laut Balfin Real Estate umfassen die wichtigsten Trends die Zunahme von tourismusbezogenen Projekten, Mixed Use Entwicklungen und Lifestyle Destinationen, w\u00e4hrend Nachhaltigkeit zu einem zentralen Kriterium f\u00fcr Investoren mit Fokus auf Emerging Markets geworden ist. In diesem Zusammenhang ziehen die westlichen Balkanstaaten aufgrund wettbewerbsf\u00e4higer Preise und verbesserter Infrastruktur zunehmend Aufmerksamkeit auf sich.<\/p>\n<p data-start=\"1173\" data-end=\"1443\" data-is-last-node=\"\" data-is-only-node=\"\">Balfin Real Estate hob zudem das Potenzial Albaniens als einen der dynamischsten M\u00e4rkte in der Region hervor, wo das Wachstum des Tourismus, die Verbesserung der Erreichbarkeit und das Interesse der Investoren die Nachfrage antreiben, insbesondere in den K\u00fcstenregionen.<\/p>\n<p><a href=\"https:\/\/www.albinfo.ch\/wp-content\/uploads\/2026\/04\/3-scaled.jpg\"><img loading=\"lazy\" decoding=\"async\" class=\"alignnone size-large wp-image-919671\" src=\"https:\/\/www.albinfo.ch\/wp-content\/uploads\/2026\/04\/3-1024x683.jpg\" alt=\"\" width=\"640\" height=\"427\" srcset=\"https:\/\/www.albinfo.ch\/wp-content\/uploads\/2026\/04\/3-1024x683.jpg 1024w, https:\/\/www.albinfo.ch\/wp-content\/uploads\/2026\/04\/3-300x200.jpg 300w, https:\/\/www.albinfo.ch\/wp-content\/uploads\/2026\/04\/3-768x512.jpg 768w, https:\/\/www.albinfo.ch\/wp-content\/uploads\/2026\/04\/3-1536x1024.jpg 1536w, https:\/\/www.albinfo.ch\/wp-content\/uploads\/2026\/04\/3-2048x1365.jpg 2048w, https:\/\/www.albinfo.ch\/wp-content\/uploads\/2026\/04\/3-210x141.jpg 210w, https:\/\/www.albinfo.ch\/wp-content\/uploads\/2026\/04\/3-587x391.jpg 587w, https:\/\/www.albinfo.ch\/wp-content\/uploads\/2026\/04\/3-150x100.jpg 150w, https:\/\/www.albinfo.ch\/wp-content\/uploads\/2026\/04\/3-263x175.jpg 263w\" sizes=\"auto, (max-width: 640px) 100vw, 640px\" \/><\/a><\/p>\n<p data-start=\"937\" data-end=\"1389\">In diesem Zusammenhang pr\u00e4sentierte BRE die Projekte seines Portfolios, die dank ihrer Konzeption und Umsetzung im Einklang mit den aktuellen Trends und den Anforderungen des Marktes erfolgreich sind. Projekte wie Green Coast, Vlora Marina, Valamar Tale und New Apollonia wurden als Beispiele vorgestellt, die die neuesten Entwicklungen im Tourismus, bei der Schaffung integrierter Gemeinschaften und in der Nachhaltigkeit widerspiegeln.<\/p>\n<p data-start=\"1391\" data-end=\"1830\" data-is-last-node=\"\" data-is-only-node=\"\">Green Coast geh\u00f6rt weiterhin zu den gefragtesten Projekten, dank der Kombination aus strategischer Lage und hohen Entwicklungsstandards, w\u00e4hrend Vlora Marina das touristische Angebot der Stadt Vlora deutlich ver\u00e4ndern soll. In derselben Entwicklungsrichtung bewegt sich auch das Projekt Valamar Tale, das ein weiteres Beispiel f\u00fcr Investitionen in hochwertigen Tourismus und integrierte Erlebnisse darstellt, nun auch im Norden des Landes.<\/p>\n<p><a href=\"https:\/\/www.albinfo.ch\/wp-content\/uploads\/2026\/04\/4.jpg\"><img loading=\"lazy\" decoding=\"async\" class=\"alignnone size-large wp-image-919674\" src=\"https:\/\/www.albinfo.ch\/wp-content\/uploads\/2026\/04\/4-1024x683.jpg\" alt=\"\" width=\"640\" height=\"427\" srcset=\"https:\/\/www.albinfo.ch\/wp-content\/uploads\/2026\/04\/4-1024x683.jpg 1024w, https:\/\/www.albinfo.ch\/wp-content\/uploads\/2026\/04\/4-300x200.jpg 300w, https:\/\/www.albinfo.ch\/wp-content\/uploads\/2026\/04\/4-768x512.jpg 768w, https:\/\/www.albinfo.ch\/wp-content\/uploads\/2026\/04\/4-1536x1024.jpg 1536w, https:\/\/www.albinfo.ch\/wp-content\/uploads\/2026\/04\/4-2048x1366.jpg 2048w, https:\/\/www.albinfo.ch\/wp-content\/uploads\/2026\/04\/4-210x141.jpg 210w, https:\/\/www.albinfo.ch\/wp-content\/uploads\/2026\/04\/4-587x391.jpg 587w, https:\/\/www.albinfo.ch\/wp-content\/uploads\/2026\/04\/4-150x100.jpg 150w, https:\/\/www.albinfo.ch\/wp-content\/uploads\/2026\/04\/4-262x175.jpg 262w\" sizes=\"auto, (max-width: 640px) 100vw, 640px\" \/><\/a><\/p>\n<p data-start=\"1309\" data-end=\"1826\">Die CEO von Balfin Real Estate, Ledia Telhai, betonte, dass eines der Elemente, das das Unternehmen unterscheidet, seine internationale Pr\u00e4senz ist, mit B\u00fcros im Kosovo, in Nordmazedonien, in der Schweiz, in den USA sowie Partnern in mehr als 18 M\u00e4rkten. Laut ihr erm\u00f6glicht diese Pr\u00e4senz dem Unternehmen, ein breiteres Interesse von internationalen K\u00e4ufern zu gewinnen und die Bed\u00fcrfnisse verschiedener M\u00e4rkte besser zu verstehen, wodurch es sich von Anbietern unterscheidet, die nur lokal t\u00e4tig sind.<\/p>\n<p data-start=\"1828\" data-end=\"2311\">Telhai hob zudem die Bedeutung der regionalen Zusammenarbeit als einen Schl\u00fcsselfaktor zur Steigerung der Wettbewerbsf\u00e4higkeit und zur Anziehung ausl\u00e4ndischer Investitionen hervor. Sie erkl\u00e4rte, dass die Zukunft der Region nicht nur von der individuellen Entwicklung der einzelnen L\u00e4nder abh\u00e4ngt, sondern auch von deren F\u00e4higkeit zur Zusammenarbeit, zum Austausch bew\u00e4hrter Praktiken und zur F\u00f6rderung der westlichen Balkanstaaten als gemeinsames Ziel f\u00fcr langfristige Investitionen.<\/p>\n<p data-start=\"2313\" data-end=\"2610\" data-is-last-node=\"\" data-is-only-node=\"\">Die Teilnahme am Kosova Finance Forum best\u00e4tigt erneut die Rolle von Balfin Real Estate als wichtiger Akteur bei der Entwicklung des Immobilienmarktes und bei der Ausrichtung von Investitionen in der Region und tr\u00e4gt zum Aufbau einer nachhaltigen und wettbewerbsf\u00e4higen Vision f\u00fcr die Zukunft bei.<\/p>\n<figure id=\"attachment_919677\" aria-describedby=\"caption-attachment-919677\" style=\"width: 640px\" class=\"wp-caption alignnone\"><a href=\"https:\/\/www.albinfo.ch\/wp-content\/uploads\/2026\/04\/5.jpg\"><img loading=\"lazy\" decoding=\"async\" class=\"wp-image-919677 size-large\" src=\"https:\/\/www.albinfo.ch\/wp-content\/uploads\/2026\/04\/5-1024x683.jpg\" alt=\"\" width=\"640\" height=\"427\" srcset=\"https:\/\/www.albinfo.ch\/wp-content\/uploads\/2026\/04\/5-1024x683.jpg 1024w, https:\/\/www.albinfo.ch\/wp-content\/uploads\/2026\/04\/5-300x200.jpg 300w, https:\/\/www.albinfo.ch\/wp-content\/uploads\/2026\/04\/5-768x512.jpg 768w, https:\/\/www.albinfo.ch\/wp-content\/uploads\/2026\/04\/5-1536x1024.jpg 1536w, https:\/\/www.albinfo.ch\/wp-content\/uploads\/2026\/04\/5-210x141.jpg 210w, https:\/\/www.albinfo.ch\/wp-content\/uploads\/2026\/04\/5-587x391.jpg 587w, https:\/\/www.albinfo.ch\/wp-content\/uploads\/2026\/04\/5-150x100.jpg 150w, https:\/\/www.albinfo.ch\/wp-content\/uploads\/2026\/04\/5-263x175.jpg 263w, https:\/\/www.albinfo.ch\/wp-content\/uploads\/2026\/04\/5.jpg 2048w\" sizes=\"auto, (max-width: 640px) 100vw, 640px\" \/><\/a><figcaption id=\"caption-attachment-919677\" class=\"wp-caption-text\">albinfo.ch<\/figcaption><\/figure>\n<figure id=\"attachment_919680\" aria-describedby=\"caption-attachment-919680\" style=\"width: 640px\" class=\"wp-caption alignnone\"><a href=\"https:\/\/www.albinfo.ch\/wp-content\/uploads\/2026\/04\/6.jpg\"><img loading=\"lazy\" decoding=\"async\" class=\"size-large wp-image-919680\" src=\"https:\/\/www.albinfo.ch\/wp-content\/uploads\/2026\/04\/6-1024x683.jpg\" alt=\"\" width=\"640\" height=\"427\" srcset=\"https:\/\/www.albinfo.ch\/wp-content\/uploads\/2026\/04\/6-1024x683.jpg 1024w, https:\/\/www.albinfo.ch\/wp-content\/uploads\/2026\/04\/6-300x200.jpg 300w, https:\/\/www.albinfo.ch\/wp-content\/uploads\/2026\/04\/6-768x512.jpg 768w, https:\/\/www.albinfo.ch\/wp-content\/uploads\/2026\/04\/6-1536x1024.jpg 1536w, https:\/\/www.albinfo.ch\/wp-content\/uploads\/2026\/04\/6-2048x1366.jpg 2048w, https:\/\/www.albinfo.ch\/wp-content\/uploads\/2026\/04\/6-210x141.jpg 210w, https:\/\/www.albinfo.ch\/wp-content\/uploads\/2026\/04\/6-587x391.jpg 587w, https:\/\/www.albinfo.ch\/wp-content\/uploads\/2026\/04\/6-150x100.jpg 150w, https:\/\/www.albinfo.ch\/wp-content\/uploads\/2026\/04\/6-262x175.jpg 262w\" sizes=\"auto, (max-width: 640px) 100vw, 640px\" \/><\/a><figcaption id=\"caption-attachment-919680\" class=\"wp-caption-text\">albinfo.ch<\/figcaption><\/figure>\n<p>&nbsp;<\/p>\n<p>&nbsp;<\/p>\n<p>&nbsp;<\/p>\n","protected":false},"excerpt":{"rendered":"<p>Balfin Real Estate war Teil der zweiten Ausgabe des Kosova Finance Forum, einer wichtigen regionalen Plattform zur Diskussion wirtschaftlicher Entwicklungen und Investitionstrends. Das Forum brachte hochrangige Vertreter aus dem \u00f6ffentlichen und privaten Sektor sowie aus Finanzinstitutionen der Region und Europas zusammen und wurde zu einem zentralen Ort f\u00fcr den Austausch \u00fcber wirtschaftliche Entwicklungen und Investitionen [&hellip;]<\/p>\n","protected":false},"author":6,"featured_media":919667,"comment_status":"closed","ping_status":"closed","sticky":false,"template":"","format":"standard","meta":{"footnotes":""},"categories":[33056,34945,34948,3982,10649,23263,23264,1130,3952,3981,23262,24621,24622,24656,1129],"tags":[],"vendi":[],"content_country":[29888,31836,31837],"class_list":["post-919861","post","type-post","status-publish","format-standard","has-post-thumbnail","hentry","category-de-balkani-de","category-shqiperi-de","category-kosove-de","category-unternehmen-de","category-albanien","category-kosova-de-2","category-albania","category-aktuell","category-kosova-de","category-unternehmen-cat","category-at-balkani-de","category-kosova-de-3","category-albanien-de","category-tourismus","category-ch-balkan","content_country-zvicer","content_country-austria-de","content_country-germany-de"],"acf":[],"_links":{"self":[{"href":"https:\/\/www.albinfo.ch\/de\/wp-json\/wp\/v2\/posts\/919861","targetHints":{"allow":["GET"]}}],"collection":[{"href":"https:\/\/www.albinfo.ch\/de\/wp-json\/wp\/v2\/posts"}],"about":[{"href":"https:\/\/www.albinfo.ch\/de\/wp-json\/wp\/v2\/types\/post"}],"author":[{"embeddable":true,"href":"https:\/\/www.albinfo.ch\/de\/wp-json\/wp\/v2\/users\/6"}],"replies":[{"embeddable":true,"href":"https:\/\/www.albinfo.ch\/de\/wp-json\/wp\/v2\/comments?post=919861"}],"version-history":[{"count":2,"href":"https:\/\/www.albinfo.ch\/de\/wp-json\/wp\/v2\/posts\/919861\/revisions"}],"predecessor-version":[{"id":919864,"href":"https:\/\/www.albinfo.ch\/de\/wp-json\/wp\/v2\/posts\/919861\/revisions\/919864"}],"wp:featuredmedia":[{"embeddable":true,"href":"https:\/\/www.albinfo.ch\/de\/wp-json\/wp\/v2\/media\/919667"}],"wp:attachment":[{"href":"https:\/\/www.albinfo.ch\/de\/wp-json\/wp\/v2\/media?parent=919861"}],"wp:term":[{"taxonomy":"category","embeddable":true,"href":"https:\/\/www.albinfo.ch\/de\/wp-json\/wp\/v2\/categories?post=919861"},{"taxonomy":"post_tag","embeddable":true,"href":"https:\/\/www.albinfo.ch\/de\/wp-json\/wp\/v2\/tags?post=919861"},{"taxonomy":"vendi","embeddable":true,"href":"https:\/\/www.albinfo.ch\/de\/wp-json\/wp\/v2\/vendi?post=919861"},{"taxonomy":"content_country","embeddable":true,"href":"https:\/\/www.albinfo.ch\/de\/wp-json\/wp\/v2\/content_country?post=919861"}],"curies":[{"name":"wp","href":"https:\/\/api.w.org\/{rel}","templated":true}]}}