{"id":919918,"date":"2026-05-01T13:50:56","date_gmt":"2026-05-01T11:50:56","guid":{"rendered":"https:\/\/www.albinfo.ch\/shaqiri-starton-sot-ndaj-thunit-pas-lendimit\/"},"modified":"2026-05-01T14:51:31","modified_gmt":"2026-05-01T12:51:31","slug":"shaqiri-starton-sot-ndaj-thunit-pas-lendimit","status":"publish","type":"post","link":"https:\/\/www.albinfo.ch\/de\/shaqiri-starton-sot-ndaj-thunit-pas-lendimit\/","title":{"rendered":"Shaqiri steht heute gegen Thun nach seiner Verletzung wieder in der Startelf"},"content":{"rendered":"<p data-start=\"951\" data-end=\"1142\">Es wurde angenommen, dass die Saison f\u00fcr Xherdan Shaqiri nach einer Muskelverletzung beendet ist, doch seine R\u00fcckkehr k\u00f6nnte fr\u00fcher erfolgen als erwartet, berichtet albinfo.ch.<\/p>\n<p data-start=\"1144\" data-end=\"1297\">Laut dem Schweizer Medium &#8220;4 4 2&#8221; k\u00f6nnte der 34 J\u00e4hrige im Spiel am Samstag gegen Thun zum Einsatz kommen, das im Stadion St Jakob Park ausgetragen wird.<\/p>\n<p data-start=\"1299\" data-end=\"1475\">In der Pressekonferenz vor dem Spiel wurde Shaqiri als&#8221;fraglich&#8221; und nicht als &#8220;au\u00dfer Gefecht&#8221; bezeichnet, was die M\u00f6glichkeit offenl\u00e4sst, dass er im Kader des FC Basel steht.<\/p>\n<p data-start=\"1477\" data-end=\"1712\">Der FC Basel ben\u00f6tigt die R\u00fcckkehr seines Leaders, insbesondere nach der schwachen Leistung bei der Niederlage gegen Sion. Die endg\u00fcltige Entscheidung wird am Samstagabend erwartet, wenn klar wird, ob Shaqiri auf dem Platz stehen wird.<\/p>\n<p data-start=\"1714\" data-end=\"1819\">Gleichzeitig hat Thun die M\u00f6glichkeit, mit einem Sieg gegen den amtierenden Meister den Titel zu sichern.<\/p>\n<p data-start=\"1821\" data-end=\"1914\" data-is-last-node=\"\" data-is-only-node=\"\">Im Team von Thun spielen auch zwei kosovarische Fu\u00dfballer, Valmir Matoshi und Kastriot Imeri.\/Albinfo.ch<\/p>\n","protected":false},"excerpt":{"rendered":"<p>Shaqiri k\u00f6nnte gegen Thun zur\u00fcckkehren, obwohl man dachte, dass er die Saison beendet hat<\/p>\n","protected":false},"author":31,"featured_media":823937,"comment_status":"closed","ping_status":"closed","sticky":false,"template":"","format":"standard","meta":{"footnotes":""},"categories":[23263,4023,23262,24631,1139],"tags":[],"vendi":[],"content_country":[29888,31836,31837],"class_list":["post-919918","post","type-post","status-publish","format-standard","has-post-thumbnail","hentry","category-kosova-de-2","category-futboll-de","category-at-balkani-de","category-nachrichten-de-2","category-sport","content_country-zvicer","content_country-austria-de","content_country-germany-de"],"acf":[],"_links":{"self":[{"href":"https:\/\/www.albinfo.ch\/de\/wp-json\/wp\/v2\/posts\/919918","targetHints":{"allow":["GET"]}}],"collection":[{"href":"https:\/\/www.albinfo.ch\/de\/wp-json\/wp\/v2\/posts"}],"about":[{"href":"https:\/\/www.albinfo.ch\/de\/wp-json\/wp\/v2\/types\/post"}],"author":[{"embeddable":true,"href":"https:\/\/www.albinfo.ch\/de\/wp-json\/wp\/v2\/users\/31"}],"replies":[{"embeddable":true,"href":"https:\/\/www.albinfo.ch\/de\/wp-json\/wp\/v2\/comments?post=919918"}],"version-history":[{"count":2,"href":"https:\/\/www.albinfo.ch\/de\/wp-json\/wp\/v2\/posts\/919918\/revisions"}],"predecessor-version":[{"id":919920,"href":"https:\/\/www.albinfo.ch\/de\/wp-json\/wp\/v2\/posts\/919918\/revisions\/919920"}],"wp:featuredmedia":[{"embeddable":true,"href":"https:\/\/www.albinfo.ch\/de\/wp-json\/wp\/v2\/media\/823937"}],"wp:attachment":[{"href":"https:\/\/www.albinfo.ch\/de\/wp-json\/wp\/v2\/media?parent=919918"}],"wp:term":[{"taxonomy":"category","embeddable":true,"href":"https:\/\/www.albinfo.ch\/de\/wp-json\/wp\/v2\/categories?post=919918"},{"taxonomy":"post_tag","embeddable":true,"href":"https:\/\/www.albinfo.ch\/de\/wp-json\/wp\/v2\/tags?post=919918"},{"taxonomy":"vendi","embeddable":true,"href":"https:\/\/www.albinfo.ch\/de\/wp-json\/wp\/v2\/vendi?post=919918"},{"taxonomy":"content_country","embeddable":true,"href":"https:\/\/www.albinfo.ch\/de\/wp-json\/wp\/v2\/content_country?post=919918"}],"curies":[{"name":"wp","href":"https:\/\/api.w.org\/{rel}","templated":true}]}}