{"id":919944,"date":"2026-05-01T12:53:34","date_gmt":"2026-05-01T10:53:34","guid":{"rendered":"https:\/\/www.albinfo.ch\/rihapet-levizja-e-lire-kufitare-mes-kosoves-dhe-shqiperise\/"},"modified":"2026-05-01T14:42:59","modified_gmt":"2026-05-01T12:42:59","slug":"rihapet-levizja-e-lire-kufitare-mes-kosoves-dhe-shqiperise","status":"publish","type":"post","link":"https:\/\/www.albinfo.ch\/de\/rihapet-levizja-e-lire-kufitare-mes-kosoves-dhe-shqiperise\/","title":{"rendered":"Die freie Grenzbewegung zwischen Kosovo und Albanien wird wieder aufgenommen"},"content":{"rendered":"<p data-start=\"1199\" data-end=\"1439\">Das Abkommen \u00fcber die freie Grenzbewegung zwischen dem Kosovo und Albanien ist an diesem Freitag erneut in Kraft getreten und erm\u00f6glicht einen schnelleren und erleichterten Grenz\u00fcbertritt f\u00fcr die B\u00fcrger, berichtet albinfo.ch.<\/p>\n<p data-start=\"1441\" data-end=\"1600\">Das Abkommen bleibt bis Oktober aktiv und soll auch in den Monaten Dezember und Januar sowie an Wochenenden je nach Verkehrsaufkommen erneut angewendet werden.<\/p>\n<p data-start=\"1602\" data-end=\"1847\">Ziel ist es, lange Wartezeiten an der Grenze zu vermeiden und die Abl\u00e4ufe zu erleichtern, indem der \u00dcbergang ohne detaillierte Kontrolle der Ausweisdokumente erm\u00f6glicht wird, au\u00dfer in F\u00e4llen besonderer Verdachtsmomente seitens der Grenzbeh\u00f6rden.<\/p>\n<p data-start=\"1849\" data-end=\"2002\">Nach offiziellen Angaben sind allein am heutigen Morgen rund 15 tausend Personen nach Albanien eingereist, wobei der Gro\u00dfteil B\u00fcrger aus dem Kosovo sind.<\/p>\n<p data-start=\"2004\" data-end=\"2170\">Um den Andrang zu bew\u00e4ltigen, wurden am Grenz\u00fcbergang Morin\u00eb 11 Schalter in Betrieb genommen, wodurch die Umsetzung des Abkommens ohne Hindernisse gew\u00e4hrleistet wird.<\/p>\n<p data-start=\"2172\" data-end=\"2429\" data-is-last-node=\"\" data-is-only-node=\"\">Quellen von diesem Grenz\u00fcbergang berichten, dass in den letzten 24 Stunden etwa 37 tausend Personen die Grenze passiert haben, davon sind 25 tausend nach Albanien eingereist, was eine deutliche Zunahme des Verkehrs zwischen den beiden L\u00e4ndern widerspiegelt.\/Albinfo.ch<\/p>\n","protected":false},"excerpt":{"rendered":"<p>Das Abkommen tritt wieder in Kraft, der Grenzverkehr wird erleichtert und lange Wartezeiten in Morin\u00eb werden vermieden<\/p>\n","protected":false},"author":31,"featured_media":919893,"comment_status":"closed","ping_status":"closed","sticky":false,"template":"","format":"standard","meta":{"footnotes":""},"categories":[10649,23263,23264,3952,23262,24631,1129],"tags":[],"vendi":[],"content_country":[29888,31836,31837],"class_list":["post-919944","post","type-post","status-publish","format-standard","has-post-thumbnail","hentry","category-albanien","category-kosova-de-2","category-albania","category-kosova-de","category-at-balkani-de","category-nachrichten-de-2","category-ch-balkan","content_country-zvicer","content_country-austria-de","content_country-germany-de"],"acf":[],"_links":{"self":[{"href":"https:\/\/www.albinfo.ch\/de\/wp-json\/wp\/v2\/posts\/919944","targetHints":{"allow":["GET"]}}],"collection":[{"href":"https:\/\/www.albinfo.ch\/de\/wp-json\/wp\/v2\/posts"}],"about":[{"href":"https:\/\/www.albinfo.ch\/de\/wp-json\/wp\/v2\/types\/post"}],"author":[{"embeddable":true,"href":"https:\/\/www.albinfo.ch\/de\/wp-json\/wp\/v2\/users\/31"}],"replies":[{"embeddable":true,"href":"https:\/\/www.albinfo.ch\/de\/wp-json\/wp\/v2\/comments?post=919944"}],"version-history":[{"count":2,"href":"https:\/\/www.albinfo.ch\/de\/wp-json\/wp\/v2\/posts\/919944\/revisions"}],"predecessor-version":[{"id":919947,"href":"https:\/\/www.albinfo.ch\/de\/wp-json\/wp\/v2\/posts\/919944\/revisions\/919947"}],"wp:featuredmedia":[{"embeddable":true,"href":"https:\/\/www.albinfo.ch\/de\/wp-json\/wp\/v2\/media\/919893"}],"wp:attachment":[{"href":"https:\/\/www.albinfo.ch\/de\/wp-json\/wp\/v2\/media?parent=919944"}],"wp:term":[{"taxonomy":"category","embeddable":true,"href":"https:\/\/www.albinfo.ch\/de\/wp-json\/wp\/v2\/categories?post=919944"},{"taxonomy":"post_tag","embeddable":true,"href":"https:\/\/www.albinfo.ch\/de\/wp-json\/wp\/v2\/tags?post=919944"},{"taxonomy":"vendi","embeddable":true,"href":"https:\/\/www.albinfo.ch\/de\/wp-json\/wp\/v2\/vendi?post=919944"},{"taxonomy":"content_country","embeddable":true,"href":"https:\/\/www.albinfo.ch\/de\/wp-json\/wp\/v2\/content_country?post=919944"}],"curies":[{"name":"wp","href":"https:\/\/api.w.org\/{rel}","templated":true}]}}