{"id":920115,"date":"2026-05-01T19:44:37","date_gmt":"2026-05-01T17:44:37","guid":{"rendered":"https:\/\/www.albinfo.ch\/konjufca-kosova-e-gatshme-te-kontribuoje-ne-sigurine-e-rajonit\/"},"modified":"2026-05-02T01:22:32","modified_gmt":"2026-05-01T23:22:32","slug":"konjufca-kosova-e-gatshme-te-kontribuoje-ne-sigurine-e-rajonit","status":"publish","type":"post","link":"https:\/\/www.albinfo.ch\/de\/konjufca-kosova-e-gatshme-te-kontribuoje-ne-sigurine-e-rajonit\/","title":{"rendered":"Konjufca, Kosovo ist bereit, zur Sicherheit der Region beizutragen"},"content":{"rendered":"<p data-start=\"2420\" data-end=\"2709\">Der amtierende Au\u00dfenminister des Kosovo, Glauk Konjufca, hat die Initiative von drei US Kongressabgeordneten begr\u00fc\u00dft, eine Resolution im Repr\u00e4sentantenhaus der Vereinigten Staaten einzubringen, die die Mitgliedschaft des Kosovo in der NATO unterst\u00fctzt, berichtet albinfo.ch.<\/p>\n<p data-start=\"2711\" data-end=\"3041\">Die Reaktion von Konjufca erfolgt, nachdem die Kongressabgeordneten Keith Self, Ritchie Torres und Mike Lawler eine partei\u00fcbergreifende Resolution vorgelegt haben, die die euro atlantische Integration des Kosovo unterst\u00fctzen soll und als wichtigen Schritt f\u00fcr die regionale Sicherheit und die transatlantische Zusammenarbeit gilt.<\/p>\n<p data-start=\"3043\" data-end=\"3226\">In einem Beitrag auf der Plattform X betonte Konjufca, dass der Kosovo bereit ist, eine aktive Rolle bei der Gew\u00e4hrleistung der Sicherheit in der Region und dar\u00fcber hinaus zu spielen.<\/p>\n<p data-start=\"3228\" data-end=\"3663\">&#8220;Ich begr\u00fc\u00dfe die Einbringung der partei\u00fcbergreifenden Resolution im US Repr\u00e4sentantenhaus zur Unterst\u00fctzung der NATO Mitgliedschaft des Kosovo und danke den Kongressabgeordneten Keith Self, Ritchie Torres und Mike Lawler f\u00fcr ihre Unterst\u00fctzung und ihr anhaltendes Engagement f\u00fcr die Sicherheit im westlichen Balkan. Der Kosovo ist bereit, zur Sicherheit der Region und der transatlantischen Gemeinschaft beizutragen&#8221;, schrieb Konjufca.<\/p>\n<p data-start=\"3665\" data-end=\"3987\">Die vorgeschlagene Resolution hebt die strategische Bedeutung der Einbindung des Kosovo in die NATO hervor und sieht das Land als Stabilit\u00e4tsfaktor im westlichen Balkan und dar\u00fcber hinaus, w\u00e4hrend sie gleichzeitig die wachsende Unterst\u00fctzung in der US Politik f\u00fcr die euro atlantische Integration des Kosovo unterstreicht.<\/p>\n<p data-start=\"3989\" data-end=\"4406\">Im Dokument wird darauf hingewiesen, dass vier NATO Mitgliedstaaten, Griechenland, Rum\u00e4nien, die Slowakei und Spanien, den Kosovo noch nicht als Staat anerkannt haben. Die Resolution fordert diese L\u00e4nder auf, ihre Positionen zu \u00fcberdenken, und betont, dass eine breitere Anerkennung entscheidend ist, um den Weg des Kosovo zur NATO Mitgliedschaft freizumachen und eine strategische L\u00fccke in S\u00fcdosteuropa zu schlie\u00dfen.<\/p>\n<p data-start=\"4408\" data-end=\"4713\">&#8220;Der Kosovo hat ein klares Engagement f\u00fcr regionale Stabilit\u00e4t und strategische Ann\u00e4herung an die NATO L\u00e4nder gezeigt, aber sein Fortschritt in Richtung Mitgliedschaft wird durch die fehlende Anerkennung durch eine kleine Anzahl von Verb\u00fcndeten behindert&#8221;, wird der Kongressabgeordnete Keith Self zitiert.<\/p>\n<p data-start=\"4715\" data-end=\"4938\" data-is-last-node=\"\" data-is-only-node=\"\">Er betonte, dass die Einbindung des Kosovo in die NATO notwendig ist, um gegnerischen Einfluss in Europa entgegenzuwirken, und forderte die USA auf, die vier nicht anerkennenden Staaten zu ermutigen, ihre Haltung zu \u00e4ndern.<\/p>\n","protected":false},"excerpt":{"rendered":"<p>Konjufca begr\u00fc\u00dft die Resolution im US Kongress zur Mitgliedschaft des Kosovo in der NATO<\/p>\n","protected":false},"author":31,"featured_media":919951,"comment_status":"closed","ping_status":"closed","sticky":false,"template":"","format":"standard","meta":{"footnotes":""},"categories":[23263,3952,23262,24631,1129],"tags":[],"vendi":[],"content_country":[29888,31836,31837],"class_list":["post-920115","post","type-post","status-publish","format-standard","has-post-thumbnail","hentry","category-kosova-de-2","category-kosova-de","category-at-balkani-de","category-nachrichten-de-2","category-ch-balkan","content_country-zvicer","content_country-austria-de","content_country-germany-de"],"acf":[],"_links":{"self":[{"href":"https:\/\/www.albinfo.ch\/de\/wp-json\/wp\/v2\/posts\/920115","targetHints":{"allow":["GET"]}}],"collection":[{"href":"https:\/\/www.albinfo.ch\/de\/wp-json\/wp\/v2\/posts"}],"about":[{"href":"https:\/\/www.albinfo.ch\/de\/wp-json\/wp\/v2\/types\/post"}],"author":[{"embeddable":true,"href":"https:\/\/www.albinfo.ch\/de\/wp-json\/wp\/v2\/users\/31"}],"replies":[{"embeddable":true,"href":"https:\/\/www.albinfo.ch\/de\/wp-json\/wp\/v2\/comments?post=920115"}],"version-history":[{"count":2,"href":"https:\/\/www.albinfo.ch\/de\/wp-json\/wp\/v2\/posts\/920115\/revisions"}],"predecessor-version":[{"id":920117,"href":"https:\/\/www.albinfo.ch\/de\/wp-json\/wp\/v2\/posts\/920115\/revisions\/920117"}],"wp:featuredmedia":[{"embeddable":true,"href":"https:\/\/www.albinfo.ch\/de\/wp-json\/wp\/v2\/media\/919951"}],"wp:attachment":[{"href":"https:\/\/www.albinfo.ch\/de\/wp-json\/wp\/v2\/media?parent=920115"}],"wp:term":[{"taxonomy":"category","embeddable":true,"href":"https:\/\/www.albinfo.ch\/de\/wp-json\/wp\/v2\/categories?post=920115"},{"taxonomy":"post_tag","embeddable":true,"href":"https:\/\/www.albinfo.ch\/de\/wp-json\/wp\/v2\/tags?post=920115"},{"taxonomy":"vendi","embeddable":true,"href":"https:\/\/www.albinfo.ch\/de\/wp-json\/wp\/v2\/vendi?post=920115"},{"taxonomy":"content_country","embeddable":true,"href":"https:\/\/www.albinfo.ch\/de\/wp-json\/wp\/v2\/content_country?post=920115"}],"curies":[{"name":"wp","href":"https:\/\/api.w.org\/{rel}","templated":true}]}}