{"id":182727,"date":"2018-02-05T17:55:13","date_gmt":"2018-02-05T16:55:13","guid":{"rendered":"http:\/\/www.albinfo.ch\/iseal-organizon-simpozium-per-10-vjetorin-e-pavaresise-se-kosoves\/"},"modified":"2018-02-06T14:18:29","modified_gmt":"2018-02-06T13:18:29","slug":"iseal-organizon-simpozium-per-10-vjetorin-e-pavaresise-se-kosoves","status":"publish","type":"post","link":"https:\/\/www.albinfo.ch\/fr\/iseal-organizon-simpozium-per-10-vjetorin-e-pavaresise-se-kosoves\/","title":{"rendered":"ISEAL: 10 ans d&#8217;ind\u00e9pendance du Kosovo: Histoire d&#8217;un Etat pr\u00e9sent"},"content":{"rendered":"<div class=\"gmail_quote\">\n<div><span lang=\"SQ\"><span class=\"m_-7923381494580755380m_-6854578528452574224colour\"><span class=\"m_-7923381494580755380m_-6854578528452574224font\"><span class=\"m_-7923381494580755380m_-6854578528452574224size\"><em>Me rastin e 10 vjetorit t\u00eb Pavar\u00ebsis\u00eb s\u00eb Kosov\u00ebs, ISEAL organizon Simpozium shkencor me titull : 10 ans d&#8217;ind\u00e9pendance du Kosovo, histoire d&#8217;un \u00e9tat au pr\u00e9sent (10 viComment un Etat peut-il se construire au c\u0153ur de l\u2019Europe \u00e0 la fin du XX\u00e8me si\u00e8cle ? La chute du Rideau de Fer a lib\u00e9r\u00e9 de nombreuses aspirations \u00e0 l\u2019ind\u00e9pendance nationale. A l\u2019occasion des dix ans de l\u2019ind\u00e9pendance du Kosovo, l\u2019ISEAL a jug\u00e9 important de r\u00e9fl\u00e9chir sur l\u2019exp\u00e9rience unique qu\u2019offre le cas kosovar en Europe, lors d\u2019un colloque qui aura lieu le 10 f\u00e9vrier 2018. L\u2019Etat-nation, v\u00e9n\u00e9r\u00e9 ou d\u00e9cri\u00e9, demeure le cadre principal dans lequel les peuples peuvent s\u2019exprimer.<\/em><\/span><\/span><\/span><\/span><\/div>\n<div>\u00a0<\/div>\n<div><span lang=\"SQ\"><span class=\"m_-7923381494580755380m_-6854578528452574224colour\"><span class=\"m_-7923381494580755380m_-6854578528452574224font\"><span class=\"m_-7923381494580755380m_-6854578528452574224size\"><em>Le 17 f\u00e9vrier 2008, le Kosovo proclamait unilat\u00e9ralement son ind\u00e9pendance. Apr\u00e8s une guerre courte mais sanglante, \u00e0 la fin des ann\u00e9es 1990, la communaut\u00e9 internationale, par l\u2019interm\u00e9diaire de l\u2019ONU et de l\u2019Union europ\u00e9enne, avait d\u00e9cid\u00e9 de prendre ce nouvel Etat plant\u00e9 au c\u0153ur de l\u2019Europe sous son aile. Depuis, le Kosovo ind\u00e9pendant tente de construire un Etat d\u00e9mocratique et stable. Dire que tous les nuages suspendus au-dessus du berceau kosovar se sont dissip\u00e9s serait<br \/>\u00e9videmment abusif. Il n\u2019emp\u00eache qu\u2019un travail consid\u00e9rable, dans des conditions difficiles, a \u00e9t\u00e9 accompli pour doter ce nouvel Etat de structures lui permettant non seulement de fonctionner, mais aussi de se penser un avenir. Mais ce n\u2019est toutefois pas pour tirer un bilan de ces dix ann\u00e9es s\u2019ind\u00e9pendance que l\u2019Institut suisse d\u2019\u00e9tudes albanaises de Lausanne (ISEAL) a d\u00e9cid\u00e9 d\u2019organiser un colloque le 10 f\u00e9vrier 2018, dans les locaux de l\u2019Institut des hautes \u00e9tudes en administration publique<br \/>(Idheap), \u00e0 Chavannes-pr\u00e8s-Renens.<br \/><\/em><\/span><\/span><\/span><\/span><\/div>\n<div>\u00a0<\/div>\n<div><span lang=\"SQ\"><span class=\"m_-7923381494580755380m_-6854578528452574224colour\"><span class=\"m_-7923381494580755380m_-6854578528452574224font\"><span class=\"m_-7923381494580755380m_-6854578528452574224size\"><em>Le but de ce colloque est de comprendre, \u00e0 travers le cas kosovar, comment se construit un Etat aujourd\u2019hui. Le Kosovo n\u2019avait qu\u2019une exp\u00e9rience restreinte de l\u2019autod\u00e9termination puisque, pendant les ann\u00e9es qui suivirent les premi\u00e8res guerres balkaniques, il \u00e9tait entr\u00e9 dans le concert des nations sous la forme d\u2019un quasi-protectorat. Les fonctionnaires nomm\u00e9s par les puissances internationales garantes de sa survie \u00e9taient omnipr\u00e9sents, l\u2019apprentissage de la gestion d\u2019un Etat<br \/>moderne en fut ralenti.<br \/><\/em><\/span><\/span><\/span><\/span><\/div>\n<div>\u00a0<\/div>\n<div><span lang=\"SQ\"><span class=\"m_-7923381494580755380m_-6854578528452574224colour\"><span class=\"m_-7923381494580755380m_-6854578528452574224font\"><span class=\"m_-7923381494580755380m_-6854578528452574224size\"><em>S\u2019il n\u2019a pas jailli de terre ex nihilo, le Kosovo repr\u00e9sente malgr\u00e9 tout le seul exemple d\u2019un Etat du continent europ\u00e9en reconnu (du moins tr\u00e8s largement) et constitu\u00e9 r\u00e9cemment. Il a d\u00fb trier dans les mod\u00e8les administratifs, donner une coh\u00e9rence \u00e0 un ensemble plut\u00f4t h\u00e9t\u00e9rog\u00e8ne, organiser sa\u00a0\u00a0<\/em><\/span><\/span><\/span><\/span><span lang=\"SQ\"><span class=\"m_-7923381494580755380m_-6854578528452574224colour\"><span class=\"m_-7923381494580755380m_-6854578528452574224font\"><span class=\"m_-7923381494580755380m_-6854578528452574224size\"><em>charpente juridique, inventer ses propres synth\u00e8ses pour pouvoir d\u00e9velopper ses politiques publiques.<br \/><\/em><\/span><\/span><\/span><\/span><\/div>\n<div>\u00a0<\/div>\n<div><span lang=\"SQ\"><span class=\"m_-7923381494580755380m_-6854578528452574224colour\"><span class=\"m_-7923381494580755380m_-6854578528452574224font\"><span class=\"m_-7923381494580755380m_-6854578528452574224size\"><em>Mais comment a-t-il proc\u00e9d\u00e9 ? C\u2019est cette d\u00e9couverte de la construction d\u2019un Etat que le colloque du 10 f\u00e9vrier souhaite explorer. Le cas kosovar, qui ne peut qu\u2019int\u00e9resser la Suisse vu l\u2019importante communaut\u00e9 en provenance de ce pays qui y r\u00e9side, raconte non seulement l\u2019histoire d\u2019un Etat neuf, il nous enseigne aussi l\u2019apprentissage d\u2019un Etat-nation au seuil du XXI\u00e8me si\u00e8cle.<br \/><\/em><\/span><\/span><\/span><\/span><\/div>\n<div>\u00a0<\/div>\n<div><span lang=\"SQ\"><span class=\"m_-7923381494580755380m_-6854578528452574224colour\"><span class=\"m_-7923381494580755380m_-6854578528452574224font\"><span class=\"m_-7923381494580755380m_-6854578528452574224size\"><em>Contact : Olivier Meuwly, membre du conseil de l\u2019Institut suisse d\u2019\u00e9tudes albanaises de Lausanne<br \/>l\u2019ISEAL (079 373 01 61)<br \/>Annexe : programme d\u00e9taill\u00e9<\/em><\/span><\/span><\/span><\/span><\/div>\n<div><a href=\"http:\/\/www.albinfo.ch\/wp-content\/uploads\/2018\/02\/bulletin-dinscription-colloque-10-fevrier-2018-dk-mj-pdf-1.pdf\">Bulletin d&#8217;Inscription Colloque 10 fevrier 2018 DK MJ PDF<\/a><\/div>\n<div><a href=\"http:\/\/www.albinfo.ch\/wp-content\/uploads\/2018\/02\/iseal-communique-de-presse-colloque-unil-10.2.18-1.pdf\">ISEAL &#8211; COMMUNIQUE DE PRESSE &#8211; Colloque UNIL 10.2.18<\/a><\/div>\n<div><a href=\"http:\/\/www.albinfo.ch\/wp-content\/uploads\/2018\/02\/programme-colloque-10-fe-vrier-2018-1.pdf\">Programme Colloque 10 f\u00e9 vrier 2018<\/a><\/div>\n<\/div>\n","protected":false},"excerpt":{"rendered":"<p>Colloque du 10 f\u00e9vrier 2018 \u00e0 l\u2019Idheap (Chavannes-pr\u00e8s-Renens)<\/p>\n","protected":false},"author":4,"featured_media":0,"comment_status":"open","ping_status":"open","sticky":false,"template":"","format":"standard","meta":{"footnotes":""},"categories":[1164,1163,1182],"tags":[],"vendi":[],"content_country":[],"class_list":["post-182727","post","type-post","status-publish","format-standard","hentry","category-integration-fr","category-fr-e-diaspora","category-agenda"],"acf":[],"_links":{"self":[{"href":"https:\/\/www.albinfo.ch\/fr\/wp-json\/wp\/v2\/posts\/182727","targetHints":{"allow":["GET"]}}],"collection":[{"href":"https:\/\/www.albinfo.ch\/fr\/wp-json\/wp\/v2\/posts"}],"about":[{"href":"https:\/\/www.albinfo.ch\/fr\/wp-json\/wp\/v2\/types\/post"}],"author":[{"embeddable":true,"href":"https:\/\/www.albinfo.ch\/fr\/wp-json\/wp\/v2\/users\/4"}],"replies":[{"embeddable":true,"href":"https:\/\/www.albinfo.ch\/fr\/wp-json\/wp\/v2\/comments?post=182727"}],"version-history":[{"count":0,"href":"https:\/\/www.albinfo.ch\/fr\/wp-json\/wp\/v2\/posts\/182727\/revisions"}],"wp:attachment":[{"href":"https:\/\/www.albinfo.ch\/fr\/wp-json\/wp\/v2\/media?parent=182727"}],"wp:term":[{"taxonomy":"category","embeddable":true,"href":"https:\/\/www.albinfo.ch\/fr\/wp-json\/wp\/v2\/categories?post=182727"},{"taxonomy":"post_tag","embeddable":true,"href":"https:\/\/www.albinfo.ch\/fr\/wp-json\/wp\/v2\/tags?post=182727"},{"taxonomy":"vendi","embeddable":true,"href":"https:\/\/www.albinfo.ch\/fr\/wp-json\/wp\/v2\/vendi?post=182727"},{"taxonomy":"content_country","embeddable":true,"href":"https:\/\/www.albinfo.ch\/fr\/wp-json\/wp\/v2\/content_country?post=182727"}],"curies":[{"name":"wp","href":"https:\/\/api.w.org\/{rel}","templated":true}]}}