{"id":317665,"date":"2019-10-10T11:38:09","date_gmt":"2019-10-10T09:38:09","guid":{"rendered":"https:\/\/www.albinfo.ch\/stopgether-ne-nentor-bashke-do-ta-leme\/"},"modified":"2019-10-11T00:21:45","modified_gmt":"2019-10-10T22:21:45","slug":"stopgether-ne-nentor-bashke-do-ta-leme","status":"publish","type":"post","link":"https:\/\/www.albinfo.ch\/fr\/stopgether-ne-nentor-bashke-do-ta-leme\/","title":{"rendered":"Stopgether, En Novembre J\u2019arrete Ensemble"},"content":{"rendered":"<p>Ensemble, on est plus fort ! Par ce constat est lanc\u00e9\u00a0le 20 septembre le 1er programme collectif national d\u2019arr\u00eat\u00a0du tabagisme sur facebook. <a href=\"https:\/\/www.stopsmoking.ch\/fr\/\">STOPGETHER<\/a> mis en place\u00a0par les Ligues pulmonaires cantonales et Promotion sant\u00e9 Valais\u00a0invite les personnes fumeuses de notre pays \u00e0 rejoindre un\u00a0groupe sur le r\u00e9seau social afin d\u2019arr\u00eater tous ensemble durant\u00a0le mois de novembre. Les participants b\u00e9n\u00e9ficieront \u00e9galement\u00a0d\u2019une multitude d\u2019offres et de conseils sur une m\u00eame plateforme.<\/p>\n<p><strong>ENSEMBLE, ENSEMBLE, ENSEMBLE<\/strong><br \/>\nLe programme <a href=\"https:\/\/www.youtube.com\/watch?v=nAbUdwyInzs\">STOPGETHER<\/a> \u2013 conjonction des mots anglais \u00ab stop\u00bb et \u00ab together \u00bb,\u00a0soit \u00abarr\u00eater ensemble\u00bb symbolise \u00e0 la fois une inspiration positive et une motivation collective.\u00a0Inspir\u00e9 de programmes similaires qui ont fait leurs preuves en France, en Angleterre\u00a0et en Suisse romande, <a href=\"https:\/\/www.youtube.com\/watch?v=nAbUdwyInzs\">STOPGETHER<\/a> est un nouveau programme digital et gratuit de sevrage\u00a0tabagique propos\u00e9 durant deux mois et demi dans l\u2019ensemble de la Suisse. Le programme se compose<br \/>\nde 3 phases : la phase de recrutement et de pr\u00e9paration en octobre, le mois d\u2019arr\u00eat en novembre\u00a0et deux semaines de consolidation jusqu\u2019\u00e0 mi-d\u00e9cembre. Ainsi STOPGETHER accompagne\u00a0celles et ceux qui veulent arr\u00eater de fumer afin de maximiser leurs chances d\u2019arr\u00eat. Ensemble.<\/p>\n<p><strong>DES OFFRES D\u2019AIDES COMPL\u00c9MENTAIRES<\/strong><br \/>\nEn plus du soutien entre participantes et participants, ceux-ci b\u00e9n\u00e9ficient de publications\u00a0quotidiennes et vari\u00e9es dans les groupes par r\u00e9gion linguistique: infographies, conseils,\u00a0encouragements, mini-concours, etc. le tout encadr\u00e9 par une \u00e9quipe de community managers\u00a0qui assurent une permanence 7j.\/7j de 6h \u00e0 minuit et encouragent les participants \u00e0 tenir\u00a0leur engagement. Des sp\u00e9cialistes en d\u00e9saccoutumance tabagique se tiennent en renfort\u00a0\u00e0 disposition pour des questions plus sp\u00e9cifiques. De m\u00eame, la Ligne stop-tabac offre\u00a0un conseil t\u00e9l\u00e9phonique personnalis\u00e9 dans une dizaine de langues.<br \/>\nDe plus, une multitude d\u2019autres outils sont disponibles sur stopgether.ch, partie d\u00e9di\u00e9e \u00e0 la campagne,\u00a0h\u00e9berg\u00e9e sur la toute nouvelle plateforme nationale de d\u00e9saccoutumance tabagique <a href=\"https:\/\/www.stopsmoking.ch\/fr\/\">stopsmoking.ch<\/a>,\u00a0r\u00e9alis\u00e9e conjointement avec l&#8217;Association suisse pour la pr\u00e9vention du tabagisme, la Ligue suisse<br \/>\ncontre le cancer, les Ligues pulmonaires cantonales et Promotion sant\u00e9 Valais, avec le soutien\u00a0financier du Fonds de pr\u00e9vention du tabagisme.<\/p>\n<p><strong>UN PROGRAMME DYNAMIQUE ET ENGAGEANT<\/strong><br \/>\n<a href=\"https:\/\/www.stopsmoking.ch\/fr\/\">STOPGETHER<\/a> s\u2019appuie sur la dynamique communautaire. En effet, la communaut\u00e9 offre\u00a0une aide pr\u00e9cieuse: \u00c9changer librement, raconter une anecdote de vie, crier sa frustration\u00a0et b\u00e9n\u00e9ficier du soutien des autres.\u00a0Le dynamisme collectif se traduit dans les films et visuels destin\u00e9s au recrutement des participants.\u00a0L\u2019ensemble de la communication \u00e0 l\u2019\u00e9chelle nationale se veut \u00eatre positive et ludique. A l\u2019instar\u00a0des \u00e9nigmatiques affiches de rue, pr\u00e9sentes dans 10 villes suisses. Comme toute la campagne,\u00a0ces affiches teasing ne fonctionnent qu\u2019ensemble! Et bien s\u00fbr, c\u2019est ensemble que le message sera<br \/>\ntransmis : chaque ligue pulmonaire r\u00e9gionale, chacune des entit\u00e9s \u00e0 l\u2019origine du projet ainsi que\u00a0leurs partenaires locaux se fera le relais de l\u2019action via leurs propres r\u00e9seaux et actions terrains.<\/p>\n<p><iframe loading=\"lazy\" title=\"Stopgether - FR\" width=\"587\" height=\"330\" src=\"https:\/\/www.youtube.com\/embed\/nAbUdwyInzs?feature=oembed\" frameborder=\"0\" allow=\"accelerometer; autoplay; clipboard-write; encrypted-media; gyroscope; picture-in-picture; web-share\" referrerpolicy=\"strict-origin-when-cross-origin\" allowfullscreen><\/iframe><\/p>\n<p><strong>ILS PARTICIPENT AVEC NOUS!<\/strong><br \/>\nPour la premi\u00e8re fois une campagne de pr\u00e9vention du tabagisme fait appel \u00e0 des influenceurs.\u00a06 personnalit\u00e9s suisses s\u2019engagent \u00e0 soutenir le programme et le relayer aupr\u00e8s de leurs publics.\u00a0Deux d\u2019entre elles renonceront \u00e9galement \u00e0 la cigarette en novembre, les autres les soutiendront\u00a0en paroles et en actes afin de sensibiliser leur communaut\u00e9.<\/p>\n<p><strong>Sylvain Nicolier \u2013 Travel-Blogger, non-fumeur<\/strong><br \/>\n\u00ab J\u2019aimerais aider les autres \u00e0 arr\u00eater de fumer. Si je peux \u00eatre un des \u00e9l\u00e9ments qui les incite\u00a0\u00e0 arr\u00eater, tant mieux.\u00bb<br \/>\n<strong>Alex Fontana \u2013 pilote de course, non-fumeur<\/strong><br \/>\n\u00ab J\u2019ai d\u00e9cid\u00e9 de me joindre \u00e0 la campagne parce que mon p\u00e8re est un gros fumeur depuis\u00a0de nombreuses ann\u00e9es et que, m\u00eame en \u00e9tant bien plac\u00e9 pour constater les effets n\u00e9fastes\u00a0sur son corps, je n\u2019ai toujours pas r\u00e9ussi \u00e0 le convaincre d\u2019arr\u00eater de fumer. Pour l\u2019instant.\u00bb<br \/>\n<strong>Steffi Buchli \u2013 animatrice, a \u00e9t\u00e9 fumeuse pendant huit ans<\/strong><br \/>\n\u00ab Quand fumer est devenu une source de stress, j\u2019ai su qu\u2019il \u00e9tait temps d\u2019arr\u00eater. Cela n\u2019a march\u00e9\u00a0qu\u2019au troisi\u00e8me essai. J\u2019esp\u00e8re que mon exp\u00e9rience pourra aider d\u2019autres personnes.\u00bb<br \/>\n<strong>Andrea Brotschi \u2013 mannequin, fumeuse occasionnelle<\/strong><br \/>\n\u00ab Mon objectif est d\u2019arr\u00eater compl\u00e8tement de fumer en novembre \u2013 m\u00eame apr\u00e8s un repas avec\u00a0des amis et un bon verre de vin! Je pense que je vais y arriver.\u00bb<br \/>\n<strong>Adela Smajic \u2013 animatrice, ex-\u00abbachelorette\u00bb, fumeuse<\/strong><br \/>\n\u00ab Je suis un personnage public et un mod\u00e8le pour les jeunes. \u00c7a ne va pas si je me mets\u00a0dans un coin pour fumer!\u00bb<br \/>\n<strong>Ariella K\u00e4slin \u2013 championne d\u2019Europe de gymnastique artistique, non-fumeuse<\/strong><br \/>\n\u00ab La cigarette m\u2019attirait car je devais toujours faire un peu attention \u00e0 mon poids.\u00a0Aujourd\u2019hui, je suis contente d\u2019\u00eatre rest\u00e9e non-fumeuse.\u00bb<\/p>\n<p>Images et logos : <a href=\"https:\/\/www.stopsmoking.ch\/fr\/\">stopgether.ch\/fr\/contact\/medias<\/a><br \/>\nVid\u00e9os :<a href=\"https:\/\/www.youtube.com\/watch?v=nAbUdwyInzs\"> Stopgether<\/a><\/p>\n<p>Contact m\u00e9dias :<br \/>\nAlexandre Dubuis, Ph.D.<br \/>\nResponsable <a href=\"https:\/\/www.youtube.com\/watch?v=nAbUdwyInzs\">STOPGETHER<\/a><br \/>\nPromotion sant\u00e9 Valais<br \/>\nAdresse email : <strong>alexandre.dubuis@psvalais.ch<\/strong><br \/>\nMobile: 079 525 85 45<\/p>\n<p>&nbsp;<\/p>\n","protected":false},"excerpt":{"rendered":"<p>STOPGETHER est un nouveau programme digital et gratuit de sevrage\u00a0tabagique propos\u00e9 durant deux mois et demi dans l\u2019ensemble de la Suisse.<\/p>\n","protected":false},"author":6,"featured_media":317713,"comment_status":"open","ping_status":"open","sticky":false,"template":"","format":"standard","meta":{"footnotes":""},"categories":[18826,1170],"tags":[],"vendi":[],"content_country":[],"class_list":["post-317665","post","type-post","status-publish","format-standard","has-post-thumbnail","hentry","category-lajme-jeta-ne-zvicer-fr","category-vivre-en-suisse"],"acf":[],"_links":{"self":[{"href":"https:\/\/www.albinfo.ch\/fr\/wp-json\/wp\/v2\/posts\/317665","targetHints":{"allow":["GET"]}}],"collection":[{"href":"https:\/\/www.albinfo.ch\/fr\/wp-json\/wp\/v2\/posts"}],"about":[{"href":"https:\/\/www.albinfo.ch\/fr\/wp-json\/wp\/v2\/types\/post"}],"author":[{"embeddable":true,"href":"https:\/\/www.albinfo.ch\/fr\/wp-json\/wp\/v2\/users\/6"}],"replies":[{"embeddable":true,"href":"https:\/\/www.albinfo.ch\/fr\/wp-json\/wp\/v2\/comments?post=317665"}],"version-history":[{"count":0,"href":"https:\/\/www.albinfo.ch\/fr\/wp-json\/wp\/v2\/posts\/317665\/revisions"}],"wp:featuredmedia":[{"embeddable":true,"href":"https:\/\/www.albinfo.ch\/fr\/wp-json\/wp\/v2\/media\/317713"}],"wp:attachment":[{"href":"https:\/\/www.albinfo.ch\/fr\/wp-json\/wp\/v2\/media?parent=317665"}],"wp:term":[{"taxonomy":"category","embeddable":true,"href":"https:\/\/www.albinfo.ch\/fr\/wp-json\/wp\/v2\/categories?post=317665"},{"taxonomy":"post_tag","embeddable":true,"href":"https:\/\/www.albinfo.ch\/fr\/wp-json\/wp\/v2\/tags?post=317665"},{"taxonomy":"vendi","embeddable":true,"href":"https:\/\/www.albinfo.ch\/fr\/wp-json\/wp\/v2\/vendi?post=317665"},{"taxonomy":"content_country","embeddable":true,"href":"https:\/\/www.albinfo.ch\/fr\/wp-json\/wp\/v2\/content_country?post=317665"}],"curies":[{"name":"wp","href":"https:\/\/api.w.org\/{rel}","templated":true}]}}