{"id":327671,"date":"2019-11-13T08:30:31","date_gmt":"2019-11-13T07:30:31","guid":{"rendered":"https:\/\/www.albinfo.ch\/?p=327671"},"modified":"2019-11-13T00:46:17","modified_gmt":"2019-11-12T23:46:17","slug":"shuk-orani-a-l-padoue-contemporary-art-fair","status":"publish","type":"post","link":"https:\/\/www.albinfo.ch\/fr\/shuk-orani-a-l-padoue-contemporary-art-fair\/","title":{"rendered":"Shuk Orani \u00e0 l&#8217; Padoue Contemporary Art Fair"},"content":{"rendered":"<p>Cette ann\u00e9e encore, les Pavillons de Padova Fiere seront anim\u00e9s par la 30<sup>\u00e8me<\/sup>\u00a0\u00e9dition d\u2019Arte Padova, un des plus anciens \u00e9v\u00e9nements du monde de l\u2019art en Italie, qui se tiendra du 15 au 18 novembre 2019. Il s\u2019agit de l\u2019annuelle foire d\u2019art contemporain de Padoue, une exposition d\u2019art d\u00e9di\u00e9 aux artistes, galeristes, critique et amateurs d\u2019art et collectionneurs. L\u00e0 bas on d\u00e9couvre peinture, sculpture, graphisme, photographie, mais aussi des conf\u00e9rences et des pr\u00e9sentations de livres.<\/p>\n<p>Arte Padova n\u2019est pas seulement une \u00e9tape importante pour les artistes \u00e9tablis ou \u00e9mergents, mais aussi pour les talents \u00e9mergents qui seront pr\u00e9sents dans la section du Contemporary Art Talent. C\u2019est au c\u0153ur de cette foire d\u2019art contemporain qu\u2019on d\u00e9couvre la galerie d\u2019art Epsilon, qui pr\u00e9sente cette ann\u00e9e \u00ab\u00a0The surprise of the relevant decline\u00a0\u00bb, une exposition qui est organis\u00e9 par Mauro Defrancesco, un galeriste italien.<\/p>\n<p>L\u2019objectif de son exposition, est de donner un optimisme sur l\u2019origine de l\u2019art et de fournir simultan\u00e9ment aux artistes de nouveaux horizons artistiques leur permettant d\u2019ouvrir un dialogue avec le public.<\/p>\n<p>&nbsp;<\/p>\n<p><a href=\"https:\/\/www.albinfo.ch\/wp-content\/uploads\/2019\/11\/portrait_9_sf.png\"><img loading=\"lazy\" decoding=\"async\" class=\"alignnone wp-image-327653\" src=\"https:\/\/www.albinfo.ch\/wp-content\/uploads\/2019\/11\/portrait_9_sf.png\" alt=\"\" width=\"580\" height=\"415\" srcset=\"https:\/\/www.albinfo.ch\/wp-content\/uploads\/2019\/11\/portrait_9_sf.png 951w, https:\/\/www.albinfo.ch\/wp-content\/uploads\/2019\/11\/portrait_9_sf-300x215.png 300w, https:\/\/www.albinfo.ch\/wp-content\/uploads\/2019\/11\/portrait_9_sf-768x549.png 768w, https:\/\/www.albinfo.ch\/wp-content\/uploads\/2019\/11\/portrait_9_sf-554x396.png 554w, https:\/\/www.albinfo.ch\/wp-content\/uploads\/2019\/11\/portrait_9_sf-140x100.png 140w, https:\/\/www.albinfo.ch\/wp-content\/uploads\/2019\/11\/portrait_9_sf-245x175.png 245w\" sizes=\"auto, (max-width: 580px) 100vw, 580px\" \/><\/a><\/p>\n<p>Un ensemble d\u2019artistes divers est pr\u00e9sent\u00e9 parmi lesquels se trouve Shuk Orani, Luciano Caggianello, Feofeo, Luana Segato et bien d\u2019autres. C\u2019est dans le cadre de cette exposition mettant en sc\u00e8ne de nombreux artistes (surtout d\u2019origine italienne) que nous nous int\u00e9resserons tout particuli\u00e8rement \u00e0 un des artistes, Shuk Orani.<\/p>\n<p>Originaire du Kosovo en Albanie, il vit et travaille comme artiste ind\u00e9pendant\u00a0 \u00e0 Hambourg depuis 1993. Dans son \u0153uvre, il aborde le neuf et l\u2019ancien, questionne et s\u2019ouvre au d\u00e9veloppement naturel. Sa passion pour l\u2019art et la litt\u00e9rature le pousse au quotidien vers de nouvelles envies et de nouveaux projets artistiques.<\/p>\n<p>Orani est un critique de la d\u00e9sorientation humaine et du manque de volont\u00e9 de penser \u00e0 des contextes plus vastes par manque de m\u00e9moire, de sentiments et d\u2019intuitions. Selon l\u2019id\u00e9e que ce manque croissant provoque une r\u00e9duction de la r\u00e9alit\u00e9, l\u2019artiste \u00e9tudie comment la mati\u00e8re color\u00e9e peut changer une structure initialement d\u00e9ficiente et pourrait g\u00e9n\u00e9rer de nouvelles possibilit\u00e9s de perception.<\/p>\n<p>Entre abstraction, n\u00e9o expressionisme ou figuration, ses \u0153uvres sont vivantes, impulsives, dynamiques et particuli\u00e8rement expressives. Son talent n\u2019a pourtant pas attendus des ann\u00e9es pour s\u2019exprimer puisqu\u2019Orani a d\u00e9j\u00e0 pu \u00eatre vus au niveau international, dans des expositions individuelles et collectives.<\/p>\n<p><a href=\"https:\/\/www.albinfo.ch\/wp-content\/uploads\/2019\/11\/portrait_8_sf-1.png\"><img loading=\"lazy\" decoding=\"async\" class=\"alignnone wp-image-327673\" src=\"https:\/\/www.albinfo.ch\/wp-content\/uploads\/2019\/11\/portrait_8_sf-1.png\" alt=\"\" width=\"580\" height=\"772\" srcset=\"https:\/\/www.albinfo.ch\/wp-content\/uploads\/2019\/11\/portrait_8_sf-1.png 716w, https:\/\/www.albinfo.ch\/wp-content\/uploads\/2019\/11\/portrait_8_sf-1-225x300.png 225w, https:\/\/www.albinfo.ch\/wp-content\/uploads\/2019\/11\/portrait_8_sf-1-298x396.png 298w, https:\/\/www.albinfo.ch\/wp-content\/uploads\/2019\/11\/portrait_8_sf-1-75x100.png 75w, https:\/\/www.albinfo.ch\/wp-content\/uploads\/2019\/11\/portrait_8_sf-1-131x175.png 131w\" sizes=\"auto, (max-width: 580px) 100vw, 580px\" \/><\/a><\/p>\n<p>&nbsp;<\/p>\n<p>Dans des instituions prestigieuses telles que le mus\u00e9e d\u2019art contemporain de P\u00e9kin, le mus\u00e9e du Louvre dans le cadre d\u2019un prix de la photographie \u00e0 Paris ou encore dans le th\u00e9\u00e2tre national de sa ville natale du Kosovo. R\u00e9cemment, il a \u00e9galement \u00e9t\u00e9 repr\u00e9sent\u00e9 \u00e0 la derni\u00e8re Contemporary Art Fair de Zurich 2019. C\u2019est la deuxi\u00e8me fois qu\u2019il pr\u00e9sente son \u0153uvre dans le cadre d\u2019Arte Padova (derni\u00e8rement en 2014).<\/p>\n<p>Cette ann\u00e9e, l\u2019artiste allemand\/kosovar pr\u00e9sente quatre de ses spectaculaires portraits f\u00e9minins. Dans ses \u0153uvres, on d\u00e9couvre des portraits exclusivement f\u00e9minins, m\u00e9ticuleusement travaill\u00e9es de traits noirs fins, une riche peinture jaune, superpos\u00e9es de rouge, dans une sorte de\u00a0<em>non finito.\u00a0<\/em><\/p>\n<p><a href=\"https:\/\/www.albinfo.ch\/wp-content\/uploads\/2019\/11\/arte_padova-2019-1.png\"><img loading=\"lazy\" decoding=\"async\" class=\"alignnone wp-image-327677\" src=\"https:\/\/www.albinfo.ch\/wp-content\/uploads\/2019\/11\/arte_padova-2019-1.png\" alt=\"\" width=\"580\" height=\"577\" srcset=\"https:\/\/www.albinfo.ch\/wp-content\/uploads\/2019\/11\/arte_padova-2019-1.png 634w, https:\/\/www.albinfo.ch\/wp-content\/uploads\/2019\/11\/arte_padova-2019-1-150x150.png 150w, https:\/\/www.albinfo.ch\/wp-content\/uploads\/2019\/11\/arte_padova-2019-1-398x396.png 398w, https:\/\/www.albinfo.ch\/wp-content\/uploads\/2019\/11\/arte_padova-2019-1-280x280.png 280w, https:\/\/www.albinfo.ch\/wp-content\/uploads\/2019\/11\/arte_padova-2019-1-100x100.png 100w, https:\/\/www.albinfo.ch\/wp-content\/uploads\/2019\/11\/arte_padova-2019-1-176x175.png 176w\" sizes=\"auto, (max-width: 580px) 100vw, 580px\" \/><\/a><\/p>\n<p>L\u2019abstraction et les couleurs lib\u00e9r\u00e9es servent de concepts picturaux qui v\u00e9hiculent le suprasensible, l\u2019infini et font rena\u00eetre le caract\u00e8re sacrale de la peinture. Mais au del\u00e0 de cet arri\u00e8re plan, les compositions de peinture dans des tailles consid\u00e9rable, fascinent par leur sensualit\u00e9.<\/p>\n<p>Elisa Lagarde &#8211; Histoire de l&#8217;art<\/p>\n","protected":false},"excerpt":{"rendered":"<p>Shuk Orani (Contemporary Art Fair in Padova \u2013 15.11-18.11.2019- Pavillon 7 \u2013 Stand 240)<\/p>\n","protected":false},"author":4,"featured_media":327665,"comment_status":"open","ping_status":"open","sticky":false,"template":"","format":"standard","meta":{"footnotes":""},"categories":[1163,1168],"tags":[],"vendi":[],"content_country":[],"class_list":["post-327671","post","type-post","status-publish","format-standard","has-post-thumbnail","hentry","category-fr-e-diaspora","category-culture"],"acf":[],"_links":{"self":[{"href":"https:\/\/www.albinfo.ch\/fr\/wp-json\/wp\/v2\/posts\/327671","targetHints":{"allow":["GET"]}}],"collection":[{"href":"https:\/\/www.albinfo.ch\/fr\/wp-json\/wp\/v2\/posts"}],"about":[{"href":"https:\/\/www.albinfo.ch\/fr\/wp-json\/wp\/v2\/types\/post"}],"author":[{"embeddable":true,"href":"https:\/\/www.albinfo.ch\/fr\/wp-json\/wp\/v2\/users\/4"}],"replies":[{"embeddable":true,"href":"https:\/\/www.albinfo.ch\/fr\/wp-json\/wp\/v2\/comments?post=327671"}],"version-history":[{"count":0,"href":"https:\/\/www.albinfo.ch\/fr\/wp-json\/wp\/v2\/posts\/327671\/revisions"}],"wp:featuredmedia":[{"embeddable":true,"href":"https:\/\/www.albinfo.ch\/fr\/wp-json\/wp\/v2\/media\/327665"}],"wp:attachment":[{"href":"https:\/\/www.albinfo.ch\/fr\/wp-json\/wp\/v2\/media?parent=327671"}],"wp:term":[{"taxonomy":"category","embeddable":true,"href":"https:\/\/www.albinfo.ch\/fr\/wp-json\/wp\/v2\/categories?post=327671"},{"taxonomy":"post_tag","embeddable":true,"href":"https:\/\/www.albinfo.ch\/fr\/wp-json\/wp\/v2\/tags?post=327671"},{"taxonomy":"vendi","embeddable":true,"href":"https:\/\/www.albinfo.ch\/fr\/wp-json\/wp\/v2\/vendi?post=327671"},{"taxonomy":"content_country","embeddable":true,"href":"https:\/\/www.albinfo.ch\/fr\/wp-json\/wp\/v2\/content_country?post=327671"}],"curies":[{"name":"wp","href":"https:\/\/api.w.org\/{rel}","templated":true}]}}