{"id":573425,"date":"2022-07-06T08:46:18","date_gmt":"2022-07-06T06:46:18","guid":{"rendered":"https:\/\/www.albinfo.ch\/nje-rrefenje-zanash-2-0\/"},"modified":"2022-07-21T01:04:56","modified_gmt":"2022-07-20T23:04:56","slug":"zana-un-conte-de-fees-2-0","status":"publish","type":"post","link":"https:\/\/www.albinfo.ch\/fr\/zana-un-conte-de-fees-2-0\/","title":{"rendered":"Zana, un conte de f\u00e9es 2.0"},"content":{"rendered":"<p>\u00ab\u00a0Je suis n\u00e9e at j\u2019ai grandi au Kosovo, je suis un produit du Kosovo.\u00a0\u00bb C\u2019est le passeport de Zana Tabaku, l\u2019une des femmes pionni\u00e8res dans le domaine de l\u2019informatique au Kosovo. Benjamine d\u2019une famille de sept enfants, elle perd son p\u00e8re \u00e0 un jeune \u00e2ge et grandit avec sa m\u00e8re, une femme forte avec un esprit d\u2019entreprise qui servira de mod\u00e8le pour la jeune Zana. D\u2019ailleurs, dans son entreprise de d\u00e9veloppement de logiciels \u00ab\u00a0AppDec\u00a0\u00bb, parmi les 30 employ\u00e9s 40% sont des femmes, mais Zana vise l\u2019\u00e9galit\u00e9 totale.<\/p>\n<p>Les douze interventions chirurgicales qu\u2019elle a d\u00fb subir et la situation politique et \u00e9conomique instable au Kosovo n\u2019ont pas emp\u00each\u00e9 Zana Tabaku de r\u00e9ussir, sans qu\u2019elle n\u2019ait jamais r\u00eav\u00e9 de quitter son pays.<\/p>\n<p>D\u2019une passion n\u00e9e dans les cybercaf\u00e9s d\u2019un quartier d\u00e9laiss\u00e9 de Pristina \u00e0 une entreprise de logiciels qui vaut plus d\u2019un million d\u2019euros \u00e0 ce jour, le parcours de Zana Tabaku a de quoi impressionner. Et le conte est loin d&#8217;\u00eatre termin\u00e9 !<\/p>\n<p>&nbsp;<\/p>\n<p>Regardez aussi&#8230;<\/p>\n<p><strong>&#8220;Oses r\u00eaver au Kosovo&#8221;<\/strong><\/p>\n<p><iframe loading=\"lazy\" title=\"YouTube video player\" src=\"https:\/\/www.youtube.com\/embed\/oXG8ZURQPBM\" width=\"560\" height=\"315\" frameborder=\"0\" allowfullscreen=\"allowfullscreen\"><\/iframe><\/p>\n","protected":false},"excerpt":{"rendered":"<p>\u00ab\u00a0Je suis n\u00e9e at j\u2019ai grandi au Kosovo, je suis un produit du Kosovo.\u00a0\u00bb C\u2019est le passeport de Zana Tabaku, l\u2019une des femmes pionni\u00e8res dans le domaine de l\u2019informatique au Kosovo. Benjamine d\u2019une famille de sept enfants, elle perd son p\u00e8re \u00e0 un jeune \u00e2ge et grandit avec sa m\u00e8re, une femme forte avec un [&hellip;]<\/p>\n","protected":false},"author":10,"featured_media":573409,"comment_status":"open","ping_status":"open","sticky":false,"template":"","format":"standard","meta":{"footnotes":""},"categories":[33128,3932,1161,3949,1159,1179,2233,1186,1411,2014],"tags":[33310],"vendi":[],"content_country":[31835,31838],"class_list":["post-573425","post","type-post","status-publish","format-standard","has-post-thumbnail","hentry","category-takimi-fr","category-histoires-a-succes","category-investissement","category-kosova-fr","category-ch-balkans","category-albinfo-tv-fr","category-les-dossiers","category-couverture-de-terrain","category-newsletter-fr","category-newsletter-media-fr","tag-potencialet-ne-kosove-fr","content_country-austria-fr","content_country-germany-fr"],"acf":[],"_links":{"self":[{"href":"https:\/\/www.albinfo.ch\/fr\/wp-json\/wp\/v2\/posts\/573425","targetHints":{"allow":["GET"]}}],"collection":[{"href":"https:\/\/www.albinfo.ch\/fr\/wp-json\/wp\/v2\/posts"}],"about":[{"href":"https:\/\/www.albinfo.ch\/fr\/wp-json\/wp\/v2\/types\/post"}],"author":[{"embeddable":true,"href":"https:\/\/www.albinfo.ch\/fr\/wp-json\/wp\/v2\/users\/10"}],"replies":[{"embeddable":true,"href":"https:\/\/www.albinfo.ch\/fr\/wp-json\/wp\/v2\/comments?post=573425"}],"version-history":[{"count":0,"href":"https:\/\/www.albinfo.ch\/fr\/wp-json\/wp\/v2\/posts\/573425\/revisions"}],"wp:featuredmedia":[{"embeddable":true,"href":"https:\/\/www.albinfo.ch\/fr\/wp-json\/wp\/v2\/media\/573409"}],"wp:attachment":[{"href":"https:\/\/www.albinfo.ch\/fr\/wp-json\/wp\/v2\/media?parent=573425"}],"wp:term":[{"taxonomy":"category","embeddable":true,"href":"https:\/\/www.albinfo.ch\/fr\/wp-json\/wp\/v2\/categories?post=573425"},{"taxonomy":"post_tag","embeddable":true,"href":"https:\/\/www.albinfo.ch\/fr\/wp-json\/wp\/v2\/tags?post=573425"},{"taxonomy":"vendi","embeddable":true,"href":"https:\/\/www.albinfo.ch\/fr\/wp-json\/wp\/v2\/vendi?post=573425"},{"taxonomy":"content_country","embeddable":true,"href":"https:\/\/www.albinfo.ch\/fr\/wp-json\/wp\/v2\/content_country?post=573425"}],"curies":[{"name":"wp","href":"https:\/\/api.w.org\/{rel}","templated":true}]}}