{"id":577959,"date":"2022-07-27T10:41:38","date_gmt":"2022-07-27T08:41:38","guid":{"rendered":"https:\/\/www.albinfo.ch\/blerinda-ambasadore-e-klimes-dhe-e-ambientit-ne-kosove\/"},"modified":"2022-07-28T12:38:46","modified_gmt":"2022-07-28T10:38:46","slug":"blerinda-ambasadore-e-klimes-dhe-e-ambientit-ne-kosove","status":"publish","type":"post","link":"https:\/\/www.albinfo.ch\/fr\/blerinda-ambasadore-e-klimes-dhe-e-ambientit-ne-kosove\/","title":{"rendered":"Blerinda, ambassadrice du climat et de l\u2019environnement au Kosovo"},"content":{"rendered":"<p>Rester proche de son pays, c&#8217;est rester proche de sa nature : voici la plus belle conception du patriotisme, celle que propose Blerinda Veliu, passionn\u00e9e par la terre, les plantes et les esp\u00e8ces qui l\u2019habitent. Apr\u00e8s avoir pass\u00e9 un an et demi \u00e0 l&#8217;\u00e9tranger pour ses \u00e9tudes, elle est revenue au Kosovo pour mettre son savoir universitaire et ses nouvelles exp\u00e9riences au service de sa terre natale. Elle y co-fonde alors, avec sa s\u0153ur Arnita, la start-up \u00ab Botanic \u00bb, dont les th\u00e9s bio certifi\u00e9s sont distribu\u00e9s partout au Kosovo et m\u00eame \u00e0 l\u2019\u00e9tranger.<\/p>\n<p>Pour Blerinda, l\u2019agriculture est une profession noble, et c\u2019est pourquoi elle n\u2019a jamais voulu d\u00e9localiser son entreprise de son village ; rester pr\u00e8s de la nature et des plantations est primordial \u00e0 ses yeux.<\/p>\n<p>Consciente que les pays d\u2019Europe de l\u2019ouest sont bien plus d\u00e9velopp\u00e9s, comme elle l\u2019a constat\u00e9 de ses propres yeux, elle sait \u00e9galement que cette prosp\u00e9rit\u00e9 est le r\u00e9sultat de sacrifices et d&#8217;efforts r\u00e9alis\u00e9s par leurs peuples. Ainsi, Blerinda est d\u00e9termin\u00e9e \u00e0 tout faire pour contribuer au d\u00e9veloppement du Kosovo dans son ensemble, et \u00e0 la protection de sa nature en particulier.<\/p>\n<p>Regardez aussi&#8230;<br \/>\n<strong>\u201cOses r\u00eaver au Kosovo\u201d<\/strong><\/p>\n<p>&nbsp;<br \/>\n<iframe loading=\"lazy\" width=\"560\" height=\"315\" src=\"https:\/\/www.youtube.com\/embed\/oXG8ZURQPBM\" title=\"YouTube video player\" frameborder=\"0\" allow=\"accelerometer; autoplay; clipboard-write; encrypted-media; gyroscope; picture-in-picture\" allowfullscreen><\/iframe><\/p>\n","protected":false},"excerpt":{"rendered":"<p>3\/4 <\/p>\n","protected":false},"author":10,"featured_media":576361,"comment_status":"open","ping_status":"open","sticky":false,"template":"","format":"standard","meta":{"footnotes":""},"categories":[33128,3932,3949,1159,1179,2233,1186],"tags":[],"vendi":[],"content_country":[31835,31838,31840],"class_list":["post-577959","post","type-post","status-publish","format-standard","has-post-thumbnail","hentry","category-takimi-fr","category-histoires-a-succes","category-kosova-fr","category-ch-balkans","category-albinfo-tv-fr","category-les-dossiers","category-couverture-de-terrain","content_country-austria-fr","content_country-germany-fr","content_country-zvicer-fr"],"acf":[],"_links":{"self":[{"href":"https:\/\/www.albinfo.ch\/fr\/wp-json\/wp\/v2\/posts\/577959","targetHints":{"allow":["GET"]}}],"collection":[{"href":"https:\/\/www.albinfo.ch\/fr\/wp-json\/wp\/v2\/posts"}],"about":[{"href":"https:\/\/www.albinfo.ch\/fr\/wp-json\/wp\/v2\/types\/post"}],"author":[{"embeddable":true,"href":"https:\/\/www.albinfo.ch\/fr\/wp-json\/wp\/v2\/users\/10"}],"replies":[{"embeddable":true,"href":"https:\/\/www.albinfo.ch\/fr\/wp-json\/wp\/v2\/comments?post=577959"}],"version-history":[{"count":0,"href":"https:\/\/www.albinfo.ch\/fr\/wp-json\/wp\/v2\/posts\/577959\/revisions"}],"wp:featuredmedia":[{"embeddable":true,"href":"https:\/\/www.albinfo.ch\/fr\/wp-json\/wp\/v2\/media\/576361"}],"wp:attachment":[{"href":"https:\/\/www.albinfo.ch\/fr\/wp-json\/wp\/v2\/media?parent=577959"}],"wp:term":[{"taxonomy":"category","embeddable":true,"href":"https:\/\/www.albinfo.ch\/fr\/wp-json\/wp\/v2\/categories?post=577959"},{"taxonomy":"post_tag","embeddable":true,"href":"https:\/\/www.albinfo.ch\/fr\/wp-json\/wp\/v2\/tags?post=577959"},{"taxonomy":"vendi","embeddable":true,"href":"https:\/\/www.albinfo.ch\/fr\/wp-json\/wp\/v2\/vendi?post=577959"},{"taxonomy":"content_country","embeddable":true,"href":"https:\/\/www.albinfo.ch\/fr\/wp-json\/wp\/v2\/content_country?post=577959"}],"curies":[{"name":"wp","href":"https:\/\/api.w.org\/{rel}","templated":true}]}}