{"id":725493,"date":"2024-03-27T11:16:27","date_gmt":"2024-03-27T10:16:27","guid":{"rendered":"https:\/\/www.albinfo.ch\/?p=725493"},"modified":"2024-03-27T11:16:27","modified_gmt":"2024-03-27T10:16:27","slug":"liburn-mehmetaj-a-ete-elu-juge-a-la-cour-de-justice-de-geneve","status":"publish","type":"post","link":"https:\/\/www.albinfo.ch\/fr\/liburn-mehmetaj-a-ete-elu-juge-a-la-cour-de-justice-de-geneve\/","title":{"rendered":"Liburn Mehmetaj a \u00e9t\u00e9 \u00e9lu juge \u00e0 la Cour de Justice de Gen\u00e8ve"},"content":{"rendered":"<p>Les Albanais de Suisse prouvent de plus en plus que ce n&#8217;est qu&#8217;avec leurs connaissances et leur travail qu&#8217;ils peuvent faire partie des institutions les plus importantes de leur deuxi\u00e8me patrie.<\/p>\n<p>C&#8217;est ce qu&#8217;a r\u00e9cemment prouv\u00e9 l&#8217;avocat Liburn Mehmetaj, qui a \u00e9t\u00e9 \u00e9lu le 23.11.2023 juge \u00e0 la Cour de Justice de Gen\u00e8ve (l\u2019autorit\u00e9 d\u2019appel du canton de Gen\u00e8ve). Il s&#8217;agit d&#8217;une position importante dans le syst\u00e8me juridique suisse et l&#8217;une des plus hautes instances judiciaires du pays.<\/p>\n<p>Liburni a atteint ce poste apr\u00e8s un parcours \u00e9ducatif et professionnel r\u00e9ussi en Suisse et \u00e0 l&#8217;\u00e9tranger.<\/p>\n<p>Liburn Mehmetaj a termin\u00e9 ses \u00e9tudes \u00e0 l&#8217;Universit\u00e9 de Fribourg o\u00f9 il a obtenu un Bachelor et un Master en droit. En 2013, il termine ses \u00e9tudes de droit \u00e0 Gen\u00e8ve, couronn\u00e9es du titre d&#8217;Avocat. Par la suite, il a remport\u00e9 une bourse Fulbright pour se sp\u00e9cialiser en droit de l&#8217;environnement \u00e0 l&#8217;Universit\u00e9 de Californie \u00e0 Los Angeles (\u00c9tats-Unis) en 2020. Il a fait preuve d\u2019un grand d\u00e9vouement en achevant ses \u00e9tudes avec beaucoup de succ\u00e8s.<\/p>\n<p>A Gen\u00e8ve, il a travaill\u00e9 comme avocat de 2014 \u00e0 2022 dans un prestigieux cabinet d&#8217;avocats. Il est actuellement associ\u00e9 du cabinet Walder Wyss SA \u00e0 Gen\u00e8ve et juge \u00e0 la Cour supr\u00eame.<\/p>\n<p>Liburni apporte \u00e9galement sa contribution en tant que pr\u00e9sident de la Ligue des \u00e9ducateurs et parents albanais (LAPSH) &#8220;Naim Frash\u00ebri&#8221; en Suisse ainsi que pr\u00e9sident du Conseil cantonal de la m\u00eame association \u00e0 Gen\u00e8ve. Il est mari\u00e9 \u00e0 Besarta et ils ont deux enfants.<\/p>\n<p>Liburni est n\u00e9 \u00e0 Pristina le 5 janvier 1991 et a \u00e9migr\u00e9 en Suisse avec ses parents \u00e0 l&#8217;\u00e2ge de 2 ans pour \u00e9chapper aux pers\u00e9cutions de l\u2019invasion serbe. Son p\u00e8re, Nezir Mehmetaj (avocat), a \u00e9t\u00e9 condamn\u00e9 \u00e0 deux reprises pour raisons politiques et a purg\u00e9 une peine de 8 ans en prison. Sa m\u00e8re, Nexhmije Mehmetaj, professeur de langue albanaise, travaillant au gymnase Xhevdet Doda de Pristina, a \u00e9t\u00e9 expuls\u00e9e du syst\u00e8me d\u2019\u00e9ducation en raison de l&#8217;emprisonnement de son mari.<\/p>\n<p>En Suisse, elle a travaill\u00e9 pendant 30 ans comme professeur de langue albanaise (cours compl\u00e9mentaire) dans le canton du Jura.<strong>\u00a0 \u00a0 \u00a0 \u00a0 \u00a0 \u00a0\u00a0<\/strong><\/p>\n<p><strong>\u00a0Nexhmije Mehmetaj<\/strong><\/p>\n<p>&nbsp;<\/p>\n<p>&nbsp;<\/p>\n<p>&nbsp;<\/p>\n","protected":false},"excerpt":{"rendered":"<p>Il s&#8217;agit d&#8217;une position importante dans le syst\u00e8me juridique suisse, dans l&#8217;une des plus hautes instances judiciaires du pays.<\/p>\n","protected":false},"author":6,"featured_media":715474,"comment_status":"closed","ping_status":"closed","sticky":false,"template":"","format":"standard","meta":{"footnotes":""},"categories":[1171,24637,1164,16816,1163,1170,1411,2014],"tags":[],"vendi":[],"content_country":[31835,31838,31840],"class_list":["post-725493","post","type-post","status-publish","format-standard","has-post-thumbnail","hentry","category-thematique","category-nouvelles-fr-4","category-integration-fr","category-albanais-dorigine-au-service-de-la-justice-suisse","category-fr-e-diaspora","category-vivre-en-suisse","category-newsletter-fr","category-newsletter-media-fr","wiwcategory-avokate","content_country-austria-fr","content_country-germany-fr","content_country-zvicer-fr"],"acf":[],"_links":{"self":[{"href":"https:\/\/www.albinfo.ch\/fr\/wp-json\/wp\/v2\/posts\/725493","targetHints":{"allow":["GET"]}}],"collection":[{"href":"https:\/\/www.albinfo.ch\/fr\/wp-json\/wp\/v2\/posts"}],"about":[{"href":"https:\/\/www.albinfo.ch\/fr\/wp-json\/wp\/v2\/types\/post"}],"author":[{"embeddable":true,"href":"https:\/\/www.albinfo.ch\/fr\/wp-json\/wp\/v2\/users\/6"}],"replies":[{"embeddable":true,"href":"https:\/\/www.albinfo.ch\/fr\/wp-json\/wp\/v2\/comments?post=725493"}],"version-history":[{"count":0,"href":"https:\/\/www.albinfo.ch\/fr\/wp-json\/wp\/v2\/posts\/725493\/revisions"}],"wp:featuredmedia":[{"embeddable":true,"href":"https:\/\/www.albinfo.ch\/fr\/wp-json\/wp\/v2\/media\/715474"}],"wp:attachment":[{"href":"https:\/\/www.albinfo.ch\/fr\/wp-json\/wp\/v2\/media?parent=725493"}],"wp:term":[{"taxonomy":"category","embeddable":true,"href":"https:\/\/www.albinfo.ch\/fr\/wp-json\/wp\/v2\/categories?post=725493"},{"taxonomy":"post_tag","embeddable":true,"href":"https:\/\/www.albinfo.ch\/fr\/wp-json\/wp\/v2\/tags?post=725493"},{"taxonomy":"vendi","embeddable":true,"href":"https:\/\/www.albinfo.ch\/fr\/wp-json\/wp\/v2\/vendi?post=725493"},{"taxonomy":"content_country","embeddable":true,"href":"https:\/\/www.albinfo.ch\/fr\/wp-json\/wp\/v2\/content_country?post=725493"}],"curies":[{"name":"wp","href":"https:\/\/api.w.org\/{rel}","templated":true}]}}