{"id":751692,"date":"2024-07-03T13:59:15","date_gmt":"2024-07-03T11:59:15","guid":{"rendered":"https:\/\/www.albinfo.ch\/?p=751692"},"modified":"2024-07-25T15:43:57","modified_gmt":"2024-07-25T13:43:57","slug":"le-kf-prishtina-de-berne-remporte-la-coupe-de-lunion-des-clubs-albanais-en-suisse","status":"publish","type":"post","link":"https:\/\/www.albinfo.ch\/fr\/le-kf-prishtina-de-berne-remporte-la-coupe-de-lunion-des-clubs-albanais-en-suisse\/","title":{"rendered":"Le KF Prishtina de Berne remporte la Coupe de l&#8217;Union des clubs albanais en Suisse"},"content":{"rendered":"<p>La finale, qui s&#8217;est d\u00e9roul\u00e9e entre le KF PRISHTINA Berne et le KF BESA Biel\/Bienne au stade de Derendingen, s&#8217;est termin\u00e9e sur le score de 1-0 en faveur du KF PRISHTINA de Berne.<\/p>\n<p><a href=\"https:\/\/www.albinfo.ch\/wp-content\/uploads\/2024\/07\/screenshot_20240702_205936_messenger.jpg\"><img loading=\"lazy\" decoding=\"async\" class=\"alignnone size-large wp-image-751587\" src=\"https:\/\/www.albinfo.ch\/wp-content\/uploads\/2024\/07\/screenshot_20240702_205936_messenger-1024x681.jpg\" alt=\"\" width=\"640\" height=\"426\" srcset=\"https:\/\/www.albinfo.ch\/wp-content\/uploads\/2024\/07\/screenshot_20240702_205936_messenger-1024x681.jpg 1024w, https:\/\/www.albinfo.ch\/wp-content\/uploads\/2024\/07\/screenshot_20240702_205936_messenger-300x199.jpg 300w, https:\/\/www.albinfo.ch\/wp-content\/uploads\/2024\/07\/screenshot_20240702_205936_messenger-768x511.jpg 768w, https:\/\/www.albinfo.ch\/wp-content\/uploads\/2024\/07\/screenshot_20240702_205936_messenger-586x389.jpg 586w, https:\/\/www.albinfo.ch\/wp-content\/uploads\/2024\/07\/screenshot_20240702_205936_messenger-210x141.jpg 210w, https:\/\/www.albinfo.ch\/wp-content\/uploads\/2024\/07\/screenshot_20240702_205936_messenger-587x390.jpg 587w, https:\/\/www.albinfo.ch\/wp-content\/uploads\/2024\/07\/screenshot_20240702_205936_messenger-150x100.jpg 150w, https:\/\/www.albinfo.ch\/wp-content\/uploads\/2024\/07\/screenshot_20240702_205936_messenger-263x175.jpg 263w, https:\/\/www.albinfo.ch\/wp-content\/uploads\/2024\/07\/screenshot_20240702_205936_messenger.jpg 1080w\" sizes=\"auto, (max-width: 640px) 100vw, 640px\" \/><\/a><\/p>\n<p>La Coupe de l&#8217;Union 2024 a \u00e9t\u00e9 remport\u00e9e par l&#8217;\u00e9quipe KF Prishtina de Berne, tandis que la deuxi\u00e8me place a \u00e9t\u00e9 occup\u00e9e par le KF BESA de BIEL-BIENNE.<\/p>\n<p>Les m\u00e9dailles des deux \u00e9quipes ont \u00e9t\u00e9 remises par le pr\u00e9sident Feti Demolli au nom de l&#8217;Union des clubs de football albanais en Suisse, l&#8217;ambassadeur de la R\u00e9publique du Kosovo en Suisse, Mentor Latifi, ainsi que Hamdi Re\u00e7ica, directeur du d\u00e9partement de la diaspora au minist\u00e8re des Affaires \u00e9trang\u00e8res et de la Diaspora de la R\u00e9publique du Kosovo.<\/p>\n<p><a href=\"https:\/\/www.albinfo.ch\/wp-content\/uploads\/2024\/07\/screenshot_20240702_210003_messenger.jpg\"><img loading=\"lazy\" decoding=\"async\" class=\"alignnone size-large wp-image-751590\" src=\"https:\/\/www.albinfo.ch\/wp-content\/uploads\/2024\/07\/screenshot_20240702_210003_messenger-1024x649.jpg\" alt=\"\" width=\"640\" height=\"406\" srcset=\"https:\/\/www.albinfo.ch\/wp-content\/uploads\/2024\/07\/screenshot_20240702_210003_messenger-1024x649.jpg 1024w, https:\/\/www.albinfo.ch\/wp-content\/uploads\/2024\/07\/screenshot_20240702_210003_messenger-300x191.jpg 300w, https:\/\/www.albinfo.ch\/wp-content\/uploads\/2024\/07\/screenshot_20240702_210003_messenger-768x486.jpg 768w, https:\/\/www.albinfo.ch\/wp-content\/uploads\/2024\/07\/screenshot_20240702_210003_messenger-87x56.jpg 87w, https:\/\/www.albinfo.ch\/wp-content\/uploads\/2024\/07\/screenshot_20240702_210003_messenger-587x372.jpg 587w, https:\/\/www.albinfo.ch\/wp-content\/uploads\/2024\/07\/screenshot_20240702_210003_messenger-420x266.jpg 420w, https:\/\/www.albinfo.ch\/wp-content\/uploads\/2024\/07\/screenshot_20240702_210003_messenger-630x400.jpg 630w, https:\/\/www.albinfo.ch\/wp-content\/uploads\/2024\/07\/screenshot_20240702_210003_messenger-158x100.jpg 158w, https:\/\/www.albinfo.ch\/wp-content\/uploads\/2024\/07\/screenshot_20240702_210003_messenger-265x168.jpg 265w, https:\/\/www.albinfo.ch\/wp-content\/uploads\/2024\/07\/screenshot_20240702_210003_messenger.jpg 1080w\" sizes=\"auto, (max-width: 640px) 100vw, 640px\" \/><\/a><\/p>\n<p>Il s&#8217;agit actuellement de la seule activit\u00e9 que les clubs albanais en Suisse organisent dans le cadre de l&#8217;Union de ces clubs.<\/p>\n","protected":false},"excerpt":{"rendered":"<p>La finale, qui s&#8217;est d\u00e9roul\u00e9e entre le KF PRISHTINA Berne et le KF BESA Biel\/Bienne au stade de Derendingen, s&#8217;est termin\u00e9e sur le score de 1-0 en faveur du KF PRISHTINA de Berne. La Coupe de l&#8217;Union 2024 a \u00e9t\u00e9 remport\u00e9e par l&#8217;\u00e9quipe KF Prishtina de Berne, tandis que la deuxi\u00e8me place a \u00e9t\u00e9 occup\u00e9e [&hellip;]<\/p>\n","protected":false},"author":6,"featured_media":751594,"comment_status":"closed","ping_status":"closed","sticky":false,"template":"","format":"standard","meta":{"footnotes":""},"categories":[24637,18826,24630,24671,1163,1169,1170],"tags":[],"vendi":[],"content_country":[31835,31838,31840],"class_list":["post-751692","post","type-post","status-publish","format-standard","has-post-thumbnail","hentry","category-nouvelles-fr-4","category-lajme-jeta-ne-zvicer-fr","category-nouvelles","category-football","category-fr-e-diaspora","category-sport-fr","category-vivre-en-suisse","content_country-austria-fr","content_country-germany-fr","content_country-zvicer-fr"],"acf":[],"_links":{"self":[{"href":"https:\/\/www.albinfo.ch\/fr\/wp-json\/wp\/v2\/posts\/751692","targetHints":{"allow":["GET"]}}],"collection":[{"href":"https:\/\/www.albinfo.ch\/fr\/wp-json\/wp\/v2\/posts"}],"about":[{"href":"https:\/\/www.albinfo.ch\/fr\/wp-json\/wp\/v2\/types\/post"}],"author":[{"embeddable":true,"href":"https:\/\/www.albinfo.ch\/fr\/wp-json\/wp\/v2\/users\/6"}],"replies":[{"embeddable":true,"href":"https:\/\/www.albinfo.ch\/fr\/wp-json\/wp\/v2\/comments?post=751692"}],"version-history":[{"count":1,"href":"https:\/\/www.albinfo.ch\/fr\/wp-json\/wp\/v2\/posts\/751692\/revisions"}],"predecessor-version":[{"id":756873,"href":"https:\/\/www.albinfo.ch\/fr\/wp-json\/wp\/v2\/posts\/751692\/revisions\/756873"}],"wp:featuredmedia":[{"embeddable":true,"href":"https:\/\/www.albinfo.ch\/fr\/wp-json\/wp\/v2\/media\/751594"}],"wp:attachment":[{"href":"https:\/\/www.albinfo.ch\/fr\/wp-json\/wp\/v2\/media?parent=751692"}],"wp:term":[{"taxonomy":"category","embeddable":true,"href":"https:\/\/www.albinfo.ch\/fr\/wp-json\/wp\/v2\/categories?post=751692"},{"taxonomy":"post_tag","embeddable":true,"href":"https:\/\/www.albinfo.ch\/fr\/wp-json\/wp\/v2\/tags?post=751692"},{"taxonomy":"vendi","embeddable":true,"href":"https:\/\/www.albinfo.ch\/fr\/wp-json\/wp\/v2\/vendi?post=751692"},{"taxonomy":"content_country","embeddable":true,"href":"https:\/\/www.albinfo.ch\/fr\/wp-json\/wp\/v2\/content_country?post=751692"}],"curies":[{"name":"wp","href":"https:\/\/api.w.org\/{rel}","templated":true}]}}