{"id":769101,"date":"2024-09-08T17:14:32","date_gmt":"2024-09-08T15:14:32","guid":{"rendered":"https:\/\/www.albinfo.ch\/?p=769101"},"modified":"2024-09-17T17:16:06","modified_gmt":"2024-09-17T15:16:06","slug":"la-nati-sans-ses-elements-albanais-coule-face-a-la-roja","status":"publish","type":"post","link":"https:\/\/www.albinfo.ch\/fr\/la-nati-sans-ses-elements-albanais-coule-face-a-la-roja\/","title":{"rendered":"La Nati, sans ses \u00e9l\u00e9ments albanais, coule face \u00e0 la Roja"},"content":{"rendered":"<p>L&#8217;Espagne a inflig\u00e9 une s\u00e9v\u00e8re d\u00e9faite 4-1 \u00e0 la Suisse \u00e0 l&#8217;ext\u00e9rieur, lors de cette rencontre comptant pour la nouvelle \u00e9dition de la Ligue des Nations. Les Suisses ont cruellement ressenti l&#8217;absence de Granit Xhaka, suspendu suite \u00e0 son carton rouge contre le Danemark.<\/p>\n<p>Fait marquant : pour la premi\u00e8re fois depuis longtemps, aucun joueur d&#8217;origine albanaise n&#8217;\u00e9tait pr\u00e9sent sur le terrain c\u00f4t\u00e9 suisse. Apr\u00e8s deux journ\u00e9es, la Suisse est lanterne rouge de son groupe sans le moindre point, alors que l&#8217;Espagne tr\u00f4ne en t\u00eate.<\/p>\n","protected":false},"excerpt":{"rendered":"<p>Apr\u00e8s une longue p\u00e9riode, aucun joueur d&#8217;origine albanaise ne figurait dans le onze helv\u00e9tique.<\/p>\n","protected":false},"author":6,"featured_media":766853,"comment_status":"closed","ping_status":"closed","sticky":false,"template":"","format":"standard","meta":{"footnotes":""},"categories":[24671,1169],"tags":[],"vendi":[],"content_country":[31835,31838,31840],"class_list":["post-769101","post","type-post","status-publish","format-standard","has-post-thumbnail","hentry","category-football","category-sport-fr","content_country-austria-fr","content_country-germany-fr","content_country-zvicer-fr"],"acf":[],"_links":{"self":[{"href":"https:\/\/www.albinfo.ch\/fr\/wp-json\/wp\/v2\/posts\/769101","targetHints":{"allow":["GET"]}}],"collection":[{"href":"https:\/\/www.albinfo.ch\/fr\/wp-json\/wp\/v2\/posts"}],"about":[{"href":"https:\/\/www.albinfo.ch\/fr\/wp-json\/wp\/v2\/types\/post"}],"author":[{"embeddable":true,"href":"https:\/\/www.albinfo.ch\/fr\/wp-json\/wp\/v2\/users\/6"}],"replies":[{"embeddable":true,"href":"https:\/\/www.albinfo.ch\/fr\/wp-json\/wp\/v2\/comments?post=769101"}],"version-history":[{"count":1,"href":"https:\/\/www.albinfo.ch\/fr\/wp-json\/wp\/v2\/posts\/769101\/revisions"}],"predecessor-version":[{"id":769103,"href":"https:\/\/www.albinfo.ch\/fr\/wp-json\/wp\/v2\/posts\/769101\/revisions\/769103"}],"wp:featuredmedia":[{"embeddable":true,"href":"https:\/\/www.albinfo.ch\/fr\/wp-json\/wp\/v2\/media\/766853"}],"wp:attachment":[{"href":"https:\/\/www.albinfo.ch\/fr\/wp-json\/wp\/v2\/media?parent=769101"}],"wp:term":[{"taxonomy":"category","embeddable":true,"href":"https:\/\/www.albinfo.ch\/fr\/wp-json\/wp\/v2\/categories?post=769101"},{"taxonomy":"post_tag","embeddable":true,"href":"https:\/\/www.albinfo.ch\/fr\/wp-json\/wp\/v2\/tags?post=769101"},{"taxonomy":"vendi","embeddable":true,"href":"https:\/\/www.albinfo.ch\/fr\/wp-json\/wp\/v2\/vendi?post=769101"},{"taxonomy":"content_country","embeddable":true,"href":"https:\/\/www.albinfo.ch\/fr\/wp-json\/wp\/v2\/content_country?post=769101"}],"curies":[{"name":"wp","href":"https:\/\/api.w.org\/{rel}","templated":true}]}}