{"id":769105,"date":"2024-09-09T17:18:16","date_gmt":"2024-09-09T15:18:16","guid":{"rendered":"https:\/\/www.albinfo.ch\/?p=769105"},"modified":"2024-09-17T17:19:37","modified_gmt":"2024-09-17T15:19:37","slug":"lensemble-shota-remporte-le-premier-prix-en-espagne","status":"publish","type":"post","link":"https:\/\/www.albinfo.ch\/fr\/lensemble-shota-remporte-le-premier-prix-en-espagne\/","title":{"rendered":"L&#8217;ensemble &#8220;Shota&#8221; remporte le premier prix en Espagne"},"content":{"rendered":"<p>L&#8217;ensemble de chants et de danses &#8220;Shota&#8221; a remport\u00e9 un succ\u00e8s remarquable en d\u00e9crochant le prestigieux &#8220;Grand Premio&#8221; au c\u00e9l\u00e8bre festival international <em>Zamora Folk Festival<\/em> \u00e0 Zamora, en Espagne.<\/p>\n<p>&#8220;Ce triomphe est d&#8217;autant plus pr\u00e9cieux que nous \u00e9tions en comp\u00e9tition avec des ensembles exceptionnels du Br\u00e9sil, du Panama, de Croatie, de Malaisie et bien d&#8217;autres. Durant notre s\u00e9jour en Espagne, notre ensemble a fi\u00e8rement pr\u00e9sent\u00e9 nos traditions devant un public chaleureux, qui nous a r\u00e9compens\u00e9s par de longues ovations et un enthousiasme particulier&#8221;, a annonc\u00e9 l&#8217;ensemble.<\/p>\n","protected":false},"excerpt":{"rendered":"<p>L&#8217;ensemble de chants et de danses &#8220;Shota&#8221; a remport\u00e9 un succ\u00e8s remarquable en d\u00e9crochant le prestigieux &#8220;Grand Premio&#8221; au c\u00e9l\u00e8bre festival international Zamora Folk Festival \u00e0 Zamora, en Espagne. &#8220;Ce triomphe est d&#8217;autant plus pr\u00e9cieux que nous \u00e9tions en comp\u00e9tition avec des ensembles exceptionnels du Br\u00e9sil, du Panama, de Croatie, de Malaisie et bien d&#8217;autres. [&hellip;]<\/p>\n","protected":false},"author":6,"featured_media":766860,"comment_status":"closed","ping_status":"closed","sticky":false,"template":"","format":"standard","meta":{"footnotes":""},"categories":[3949,24630,1159],"tags":[],"vendi":[],"content_country":[31835,31838,31840],"class_list":["post-769105","post","type-post","status-publish","format-standard","has-post-thumbnail","hentry","category-kosova-fr","category-nouvelles","category-ch-balkans","content_country-austria-fr","content_country-germany-fr","content_country-zvicer-fr"],"acf":[],"_links":{"self":[{"href":"https:\/\/www.albinfo.ch\/fr\/wp-json\/wp\/v2\/posts\/769105","targetHints":{"allow":["GET"]}}],"collection":[{"href":"https:\/\/www.albinfo.ch\/fr\/wp-json\/wp\/v2\/posts"}],"about":[{"href":"https:\/\/www.albinfo.ch\/fr\/wp-json\/wp\/v2\/types\/post"}],"author":[{"embeddable":true,"href":"https:\/\/www.albinfo.ch\/fr\/wp-json\/wp\/v2\/users\/6"}],"replies":[{"embeddable":true,"href":"https:\/\/www.albinfo.ch\/fr\/wp-json\/wp\/v2\/comments?post=769105"}],"version-history":[{"count":1,"href":"https:\/\/www.albinfo.ch\/fr\/wp-json\/wp\/v2\/posts\/769105\/revisions"}],"predecessor-version":[{"id":769106,"href":"https:\/\/www.albinfo.ch\/fr\/wp-json\/wp\/v2\/posts\/769105\/revisions\/769106"}],"wp:featuredmedia":[{"embeddable":true,"href":"https:\/\/www.albinfo.ch\/fr\/wp-json\/wp\/v2\/media\/766860"}],"wp:attachment":[{"href":"https:\/\/www.albinfo.ch\/fr\/wp-json\/wp\/v2\/media?parent=769105"}],"wp:term":[{"taxonomy":"category","embeddable":true,"href":"https:\/\/www.albinfo.ch\/fr\/wp-json\/wp\/v2\/categories?post=769105"},{"taxonomy":"post_tag","embeddable":true,"href":"https:\/\/www.albinfo.ch\/fr\/wp-json\/wp\/v2\/tags?post=769105"},{"taxonomy":"vendi","embeddable":true,"href":"https:\/\/www.albinfo.ch\/fr\/wp-json\/wp\/v2\/vendi?post=769105"},{"taxonomy":"content_country","embeddable":true,"href":"https:\/\/www.albinfo.ch\/fr\/wp-json\/wp\/v2\/content_country?post=769105"}],"curies":[{"name":"wp","href":"https:\/\/api.w.org\/{rel}","templated":true}]}}