{"id":830148,"date":"2025-05-15T14:44:52","date_gmt":"2025-05-15T12:44:52","guid":{"rendered":"https:\/\/www.albinfo.ch\/?p=830148"},"modified":"2025-05-15T16:28:30","modified_gmt":"2025-05-15T14:28:30","slug":"tech-forum-2025-zurich-le-kosovo-et-les-albanais-une-superpuissance-des-technologies-de-linformation","status":"publish","type":"post","link":"https:\/\/www.albinfo.ch\/fr\/tech-forum-2025-zurich-le-kosovo-et-les-albanais-une-superpuissance-des-technologies-de-linformation\/","title":{"rendered":"TECH FORUM 2025, Zurich: le Kosovo et les Albanais, une \u201csuperpuissance\u201d des technologies de l\u2019information"},"content":{"rendered":"<p class=\"\" data-start=\"194\" data-end=\"395\">Organis\u00e9 per la plateforme albinfo.ch et smzh AG, le Forum albano-suisse consacr\u00e9 aux technologies de l\u2019information (TI) et \u00e0 l\u2019innovation s\u2019est tenu le 13 mai \u00e0 Zurich, au si\u00e8ge de la FIFA.<\/p>\n<p><a href=\"https:\/\/www.albinfo.ch\/wp-content\/uploads\/2025\/05\/fionamurtaj_albinfo_techforum-106-scaled.jpg\"><img loading=\"lazy\" decoding=\"async\" class=\"alignnone size-large wp-image-829995\" src=\"https:\/\/www.albinfo.ch\/wp-content\/uploads\/2025\/05\/fionamurtaj_albinfo_techforum-106-1024x683.jpg\" alt=\"\" width=\"640\" height=\"427\" srcset=\"https:\/\/www.albinfo.ch\/wp-content\/uploads\/2025\/05\/fionamurtaj_albinfo_techforum-106-1024x683.jpg 1024w, https:\/\/www.albinfo.ch\/wp-content\/uploads\/2025\/05\/fionamurtaj_albinfo_techforum-106-300x200.jpg 300w, https:\/\/www.albinfo.ch\/wp-content\/uploads\/2025\/05\/fionamurtaj_albinfo_techforum-106-768x512.jpg 768w, https:\/\/www.albinfo.ch\/wp-content\/uploads\/2025\/05\/fionamurtaj_albinfo_techforum-106-1536x1024.jpg 1536w, https:\/\/www.albinfo.ch\/wp-content\/uploads\/2025\/05\/fionamurtaj_albinfo_techforum-106-2048x1365.jpg 2048w, https:\/\/www.albinfo.ch\/wp-content\/uploads\/2025\/05\/fionamurtaj_albinfo_techforum-106-210x141.jpg 210w, https:\/\/www.albinfo.ch\/wp-content\/uploads\/2025\/05\/fionamurtaj_albinfo_techforum-106-587x391.jpg 587w, https:\/\/www.albinfo.ch\/wp-content\/uploads\/2025\/05\/fionamurtaj_albinfo_techforum-106-150x100.jpg 150w, https:\/\/www.albinfo.ch\/wp-content\/uploads\/2025\/05\/fionamurtaj_albinfo_techforum-106-263x175.jpg 263w\" sizes=\"auto, (max-width: 640px) 100vw, 640px\" \/><\/a><\/p>\n<p class=\"\" data-start=\"397\" data-end=\"735\">Le Kosovo et les Albanais, plus largement dans les Balkans occidentaux, sont depuis plusieurs ann\u00e9es consid\u00e9r\u00e9s comme une puissance respectable dans le domaine de la technologie de l\u2019information (TI). Les entreprises fond\u00e9es l\u00e0-bass, ou les personnes travaillant pour les g\u00e9ants mondiaux du secteur, constituent une ressource pr\u00e9cieuse et reconnue \u00e0 l\u2019\u00e9chelle internationale.<\/p>\n<p class=\"\" data-start=\"737\" data-end=\"951\"><a href=\"https:\/\/www.albinfo.ch\/wp-content\/uploads\/2025\/05\/fionamurtaj_albinfo_techforum-57-scaled.jpg\"><img loading=\"lazy\" decoding=\"async\" class=\"alignnone size-large wp-image-830007\" src=\"https:\/\/www.albinfo.ch\/wp-content\/uploads\/2025\/05\/fionamurtaj_albinfo_techforum-57-683x1024.jpg\" alt=\"\" width=\"640\" height=\"960\" srcset=\"https:\/\/www.albinfo.ch\/wp-content\/uploads\/2025\/05\/fionamurtaj_albinfo_techforum-57-683x1024.jpg 683w, https:\/\/www.albinfo.ch\/wp-content\/uploads\/2025\/05\/fionamurtaj_albinfo_techforum-57-200x300.jpg 200w, https:\/\/www.albinfo.ch\/wp-content\/uploads\/2025\/05\/fionamurtaj_albinfo_techforum-57-768x1152.jpg 768w, https:\/\/www.albinfo.ch\/wp-content\/uploads\/2025\/05\/fionamurtaj_albinfo_techforum-57-1024x1536.jpg 1024w, https:\/\/www.albinfo.ch\/wp-content\/uploads\/2025\/05\/fionamurtaj_albinfo_techforum-57-1365x2048.jpg 1365w, https:\/\/www.albinfo.ch\/wp-content\/uploads\/2025\/05\/fionamurtaj_albinfo_techforum-57-264x396.jpg 264w, https:\/\/www.albinfo.ch\/wp-content\/uploads\/2025\/05\/fionamurtaj_albinfo_techforum-57-67x100.jpg 67w, https:\/\/www.albinfo.ch\/wp-content\/uploads\/2025\/05\/fionamurtaj_albinfo_techforum-57-117x175.jpg 117w, https:\/\/www.albinfo.ch\/wp-content\/uploads\/2025\/05\/fionamurtaj_albinfo_techforum-57-scaled.jpg 1707w\" sizes=\"auto, (max-width: 640px) 100vw, 640px\" \/><\/a><\/p>\n<p data-start=\"0\" data-end=\"203\">Pour renforcer ce constat, sous l\u2019\u00e9gide d\u2019albinfo.ch et de smzh, s\u2019est tenu le 13 mai \u00e0 Zurich, au si\u00e8ge de la FIFA, le Forum albano-suisse d\u00e9di\u00e9 \u00e0 la technologie de l\u2019information (TI) et \u00e0 l\u2019innovation.<\/p>\n<p data-start=\"205\" data-end=\"419\">Ce forum, le premier du genre en Suisse, avait pour objectif de r\u00e9unir entrepreneurs et entreprises albano-suisses du secteur de la technologie de l\u2019information (TI) et de l\u2019innovation entre la Suisse et le Kosovo.<\/p>\n<p data-start=\"421\" data-end=\"646\" data-is-last-node=\"\" data-is-only-node=\"\">Sur la sc\u00e8ne du forum, devant un public s\u00e9lectionn\u00e9, plusieurs entrepreneurs, principalement de jeunes dirigeants et PDG d\u2019entreprises \u00e9tablies au Kosovo et en Suisse, ont pr\u00e9sent\u00e9 le portefeuille de leurs soci\u00e9t\u00e9s respectives.<\/p>\n<figure id=\"attachment_829954\" aria-describedby=\"caption-attachment-829954\" style=\"width: 640px\" class=\"wp-caption alignnone\"><a href=\"https:\/\/www.albinfo.ch\/wp-content\/uploads\/2025\/05\/fionamurtaj_albinfo_techforum-101-scaled.jpg\"><img loading=\"lazy\" decoding=\"async\" class=\"wp-image-829954 size-large\" src=\"https:\/\/www.albinfo.ch\/wp-content\/uploads\/2025\/05\/fionamurtaj_albinfo_techforum-101-1024x683.jpg\" alt=\"\" width=\"640\" height=\"427\" srcset=\"https:\/\/www.albinfo.ch\/wp-content\/uploads\/2025\/05\/fionamurtaj_albinfo_techforum-101-1024x683.jpg 1024w, https:\/\/www.albinfo.ch\/wp-content\/uploads\/2025\/05\/fionamurtaj_albinfo_techforum-101-300x200.jpg 300w, https:\/\/www.albinfo.ch\/wp-content\/uploads\/2025\/05\/fionamurtaj_albinfo_techforum-101-768x512.jpg 768w, https:\/\/www.albinfo.ch\/wp-content\/uploads\/2025\/05\/fionamurtaj_albinfo_techforum-101-1536x1024.jpg 1536w, https:\/\/www.albinfo.ch\/wp-content\/uploads\/2025\/05\/fionamurtaj_albinfo_techforum-101-2048x1365.jpg 2048w, https:\/\/www.albinfo.ch\/wp-content\/uploads\/2025\/05\/fionamurtaj_albinfo_techforum-101-210x141.jpg 210w, https:\/\/www.albinfo.ch\/wp-content\/uploads\/2025\/05\/fionamurtaj_albinfo_techforum-101-587x391.jpg 587w, https:\/\/www.albinfo.ch\/wp-content\/uploads\/2025\/05\/fionamurtaj_albinfo_techforum-101-150x100.jpg 150w, https:\/\/www.albinfo.ch\/wp-content\/uploads\/2025\/05\/fionamurtaj_albinfo_techforum-101-263x175.jpg 263w\" sizes=\"auto, (max-width: 640px) 100vw, 640px\" \/><\/a><figcaption id=\"caption-attachment-829954\" class=\"wp-caption-text\">L\u2019ambassadeur de la R\u00e9publique du Kosovo en Suisse, M. Mentor Latifi<\/figcaption><\/figure>\n<p class=\"\" data-start=\"1371\" data-end=\"1717\">Le mot d\u2019accueil a \u00e9t\u00e9 prononc\u00e9 par M. Mentor Latifi, ambassadeur de la R\u00e9publique du Kosovo en Suisse. Il a soulign\u00e9 l\u2019importance d\u2019initiatives comme celle-ci pour d\u00e9montrer le potentiel r\u00e9el que des petits pays tels que le Kosovo poss\u00e8dent dans le domaine des technologies de l\u2019information (TI). Il a \u00e9galement exprim\u00e9 le soutien des institutions kosovares \u00e0 de telles entreprises.<\/p>\n<figure id=\"attachment_829957\" aria-describedby=\"caption-attachment-829957\" style=\"width: 640px\" class=\"wp-caption alignnone\"><a href=\"https:\/\/www.albinfo.ch\/wp-content\/uploads\/2025\/05\/fionamurtaj_albinfo_techforum-86-scaled.jpg\"><img loading=\"lazy\" decoding=\"async\" class=\"wp-image-829957 size-large\" src=\"https:\/\/www.albinfo.ch\/wp-content\/uploads\/2025\/05\/fionamurtaj_albinfo_techforum-86-1024x683.jpg\" alt=\"\" width=\"640\" height=\"427\" srcset=\"https:\/\/www.albinfo.ch\/wp-content\/uploads\/2025\/05\/fionamurtaj_albinfo_techforum-86-1024x683.jpg 1024w, https:\/\/www.albinfo.ch\/wp-content\/uploads\/2025\/05\/fionamurtaj_albinfo_techforum-86-300x200.jpg 300w, https:\/\/www.albinfo.ch\/wp-content\/uploads\/2025\/05\/fionamurtaj_albinfo_techforum-86-768x512.jpg 768w, https:\/\/www.albinfo.ch\/wp-content\/uploads\/2025\/05\/fionamurtaj_albinfo_techforum-86-1536x1024.jpg 1536w, https:\/\/www.albinfo.ch\/wp-content\/uploads\/2025\/05\/fionamurtaj_albinfo_techforum-86-2048x1365.jpg 2048w, https:\/\/www.albinfo.ch\/wp-content\/uploads\/2025\/05\/fionamurtaj_albinfo_techforum-86-210x141.jpg 210w, https:\/\/www.albinfo.ch\/wp-content\/uploads\/2025\/05\/fionamurtaj_albinfo_techforum-86-587x391.jpg 587w, https:\/\/www.albinfo.ch\/wp-content\/uploads\/2025\/05\/fionamurtaj_albinfo_techforum-86-150x100.jpg 150w, https:\/\/www.albinfo.ch\/wp-content\/uploads\/2025\/05\/fionamurtaj_albinfo_techforum-86-262x175.jpg 262w\" sizes=\"auto, (max-width: 640px) 100vw, 640px\" \/><\/a><figcaption id=\"caption-attachment-829957\" class=\"wp-caption-text\">G\u00ebzim Hasani, CEO de la soci\u00e9t\u00e9 smzh AG<\/figcaption><\/figure>\n<p data-start=\"0\" data-end=\"155\">Au nom des organisateurs, l\u2019\u00e9v\u00e9nement a \u00e9t\u00e9 ouvert par G\u00ebzim Hasani, PDG de smzh AG. La mod\u00e9ration a \u00e9t\u00e9 assur\u00e9e par Pren Pervorfi, expert dans ce domaine.<\/p>\n<p data-start=\"157\" data-end=\"648\">Hasani a \u00e9voqu\u00e9 le haut niveau d\u2019expertise des entreprises kosovares, qu\u2019elles disposent de filiales en Suisse ou ailleurs, et a d\u00e9clar\u00e9 qu\u2019il se sentait fier de voir leurs offres sur le march\u00e9 des technologies de l\u2019information (TI). Il a \u00e9galement affirm\u00e9 qu\u2019il consid\u00e9rait comme son devoir de soutenir ces initiatives dans leur d\u00e9veloppement futur et de favoriser les connexions entre le Kosovo et la Suisse dans ce secteur. Selon lui, ce forum repr\u00e9sente une opportunit\u00e9 id\u00e9ale pour cela.<\/p>\n<p data-start=\"650\" data-end=\"789\" data-is-last-node=\"\" data-is-only-node=\"\">Hasani a exprim\u00e9 sa satisfaction quant aux r\u00e9ussites des entreprises, comme il l\u2019a dit, &#8220;\u00e0 Pristina ou \u00e0 Tetovo&#8221;, dans le domaine des TI.<\/p>\n<p class=\"\" data-start=\"2539\" data-end=\"2704\"><a href=\"https:\/\/www.albinfo.ch\/wp-content\/uploads\/2025\/05\/fionamurtaj_albinfo_techforum-75-scaled.jpg\"><img loading=\"lazy\" decoding=\"async\" class=\"alignnone size-large wp-image-829960\" src=\"https:\/\/www.albinfo.ch\/wp-content\/uploads\/2025\/05\/fionamurtaj_albinfo_techforum-75-1024x683.jpg\" alt=\"\" width=\"640\" height=\"427\" srcset=\"https:\/\/www.albinfo.ch\/wp-content\/uploads\/2025\/05\/fionamurtaj_albinfo_techforum-75-1024x683.jpg 1024w, https:\/\/www.albinfo.ch\/wp-content\/uploads\/2025\/05\/fionamurtaj_albinfo_techforum-75-300x200.jpg 300w, https:\/\/www.albinfo.ch\/wp-content\/uploads\/2025\/05\/fionamurtaj_albinfo_techforum-75-768x512.jpg 768w, https:\/\/www.albinfo.ch\/wp-content\/uploads\/2025\/05\/fionamurtaj_albinfo_techforum-75-1536x1024.jpg 1536w, https:\/\/www.albinfo.ch\/wp-content\/uploads\/2025\/05\/fionamurtaj_albinfo_techforum-75-2048x1365.jpg 2048w, https:\/\/www.albinfo.ch\/wp-content\/uploads\/2025\/05\/fionamurtaj_albinfo_techforum-75-210x141.jpg 210w, https:\/\/www.albinfo.ch\/wp-content\/uploads\/2025\/05\/fionamurtaj_albinfo_techforum-75-587x391.jpg 587w, https:\/\/www.albinfo.ch\/wp-content\/uploads\/2025\/05\/fionamurtaj_albinfo_techforum-75-150x100.jpg 150w, https:\/\/www.albinfo.ch\/wp-content\/uploads\/2025\/05\/fionamurtaj_albinfo_techforum-75-262x175.jpg 262w\" sizes=\"auto, (max-width: 640px) 100vw, 640px\" \/><\/a><\/p>\n<p data-start=\"0\" data-end=\"180\">Les organisateurs de la plateforme albinfo.ch ont \u00e9galement exprim\u00e9 leur satisfaction d\u2019avoir pu cr\u00e9er les conditions n\u00e9cessaires \u00e0 la tenue d\u2019un \u00e9v\u00e9nement d\u2019une telle envergure.<\/p>\n<p data-start=\"182\" data-end=\"462\" data-is-last-node=\"\" data-is-only-node=\"\">Ensuite, devant le public, les repr\u00e9sentants d\u2019un grand nombre d\u2019entreprises participantes au forum ont pris la parole. Ils ont pr\u00e9sent\u00e9 leurs r\u00e9alisations, expos\u00e9 leurs pr\u00e9occupations et partag\u00e9 leurs projets pour l\u2019avenir \u00e0 l\u2019aide de discours et de graphiques projet\u00e9s en vid\u00e9o.<\/p>\n<p class=\"\" data-start=\"2962\" data-end=\"3342\"><a href=\"https:\/\/www.albinfo.ch\/wp-content\/uploads\/2025\/05\/fionamurtaj_albinfo_techforum-108-scaled.jpg\"><img loading=\"lazy\" decoding=\"async\" class=\"alignnone size-large wp-image-829964\" src=\"https:\/\/www.albinfo.ch\/wp-content\/uploads\/2025\/05\/fionamurtaj_albinfo_techforum-108-1024x683.jpg\" alt=\"\" width=\"640\" height=\"427\" srcset=\"https:\/\/www.albinfo.ch\/wp-content\/uploads\/2025\/05\/fionamurtaj_albinfo_techforum-108-1024x683.jpg 1024w, https:\/\/www.albinfo.ch\/wp-content\/uploads\/2025\/05\/fionamurtaj_albinfo_techforum-108-300x200.jpg 300w, https:\/\/www.albinfo.ch\/wp-content\/uploads\/2025\/05\/fionamurtaj_albinfo_techforum-108-768x512.jpg 768w, https:\/\/www.albinfo.ch\/wp-content\/uploads\/2025\/05\/fionamurtaj_albinfo_techforum-108-1536x1024.jpg 1536w, https:\/\/www.albinfo.ch\/wp-content\/uploads\/2025\/05\/fionamurtaj_albinfo_techforum-108-2048x1365.jpg 2048w, https:\/\/www.albinfo.ch\/wp-content\/uploads\/2025\/05\/fionamurtaj_albinfo_techforum-108-210x141.jpg 210w, https:\/\/www.albinfo.ch\/wp-content\/uploads\/2025\/05\/fionamurtaj_albinfo_techforum-108-587x391.jpg 587w, https:\/\/www.albinfo.ch\/wp-content\/uploads\/2025\/05\/fionamurtaj_albinfo_techforum-108-150x100.jpg 150w, https:\/\/www.albinfo.ch\/wp-content\/uploads\/2025\/05\/fionamurtaj_albinfo_techforum-108-263x175.jpg 263w\" sizes=\"auto, (max-width: 640px) 100vw, 640px\" \/><\/a><\/p>\n<p class=\"\" data-start=\"2962\" data-end=\"3342\">Vigan Disha a parl\u00e9 au nom de SPEEEX Corporation, en tant que membre de l&#8217;\u00e9quipe de direction de cette entreprise. SPEEEX est la plus grande entreprise BPO de la R\u00e9publique du Kosovo, avec plus de 2000 employ\u00e9s, et propose une vari\u00e9t\u00e9 de services tels que: le service client, le support technique et d&#8217;autres services num\u00e9riques sp\u00e9cialis\u00e9s pour soutenir les interactions durables avec les clients.<\/p>\n<p class=\"\" data-start=\"3344\" data-end=\"3553\"><a href=\"https:\/\/www.albinfo.ch\/wp-content\/uploads\/2025\/05\/fionamurtaj_albinfo_techforum-122-scaled.jpg\"><img loading=\"lazy\" decoding=\"async\" class=\"alignnone size-large wp-image-829968\" src=\"https:\/\/www.albinfo.ch\/wp-content\/uploads\/2025\/05\/fionamurtaj_albinfo_techforum-122-1024x683.jpg\" alt=\"\" width=\"640\" height=\"427\" srcset=\"https:\/\/www.albinfo.ch\/wp-content\/uploads\/2025\/05\/fionamurtaj_albinfo_techforum-122-1024x683.jpg 1024w, https:\/\/www.albinfo.ch\/wp-content\/uploads\/2025\/05\/fionamurtaj_albinfo_techforum-122-300x200.jpg 300w, https:\/\/www.albinfo.ch\/wp-content\/uploads\/2025\/05\/fionamurtaj_albinfo_techforum-122-768x512.jpg 768w, https:\/\/www.albinfo.ch\/wp-content\/uploads\/2025\/05\/fionamurtaj_albinfo_techforum-122-1536x1024.jpg 1536w, https:\/\/www.albinfo.ch\/wp-content\/uploads\/2025\/05\/fionamurtaj_albinfo_techforum-122-2048x1365.jpg 2048w, https:\/\/www.albinfo.ch\/wp-content\/uploads\/2025\/05\/fionamurtaj_albinfo_techforum-122-210x141.jpg 210w, https:\/\/www.albinfo.ch\/wp-content\/uploads\/2025\/05\/fionamurtaj_albinfo_techforum-122-587x391.jpg 587w, https:\/\/www.albinfo.ch\/wp-content\/uploads\/2025\/05\/fionamurtaj_albinfo_techforum-122-150x100.jpg 150w, https:\/\/www.albinfo.ch\/wp-content\/uploads\/2025\/05\/fionamurtaj_albinfo_techforum-122-263x175.jpg 263w\" sizes=\"auto, (max-width: 640px) 100vw, 640px\" \/><\/a><\/p>\n<p class=\"\" data-start=\"3344\" data-end=\"3553\">Jeta Zagragja, Le PDG de l&#8217;entreprise AnchorzUp a pr\u00e9sent\u00e9 l&#8217;offre de l&#8217;entreprise qu&#8217;il dirige pour renforcer les entreprises suisses gr\u00e2ce au d\u00e9veloppement de logiciels personnalis\u00e9s et de solutions num\u00e9riques innovantes.<\/p>\n<p class=\"\" data-start=\"3555\" data-end=\"3852\"><a href=\"https:\/\/www.albinfo.ch\/wp-content\/uploads\/2025\/05\/fionamurtaj_albinfo_techforum-130-scaled.jpg\"><img loading=\"lazy\" decoding=\"async\" class=\"alignnone size-large wp-image-829971\" src=\"https:\/\/www.albinfo.ch\/wp-content\/uploads\/2025\/05\/fionamurtaj_albinfo_techforum-130-1024x683.jpg\" alt=\"\" width=\"640\" height=\"427\" srcset=\"https:\/\/www.albinfo.ch\/wp-content\/uploads\/2025\/05\/fionamurtaj_albinfo_techforum-130-1024x683.jpg 1024w, https:\/\/www.albinfo.ch\/wp-content\/uploads\/2025\/05\/fionamurtaj_albinfo_techforum-130-300x200.jpg 300w, https:\/\/www.albinfo.ch\/wp-content\/uploads\/2025\/05\/fionamurtaj_albinfo_techforum-130-768x512.jpg 768w, https:\/\/www.albinfo.ch\/wp-content\/uploads\/2025\/05\/fionamurtaj_albinfo_techforum-130-1536x1024.jpg 1536w, https:\/\/www.albinfo.ch\/wp-content\/uploads\/2025\/05\/fionamurtaj_albinfo_techforum-130-2048x1365.jpg 2048w, https:\/\/www.albinfo.ch\/wp-content\/uploads\/2025\/05\/fionamurtaj_albinfo_techforum-130-210x141.jpg 210w, https:\/\/www.albinfo.ch\/wp-content\/uploads\/2025\/05\/fionamurtaj_albinfo_techforum-130-587x391.jpg 587w, https:\/\/www.albinfo.ch\/wp-content\/uploads\/2025\/05\/fionamurtaj_albinfo_techforum-130-150x100.jpg 150w, https:\/\/www.albinfo.ch\/wp-content\/uploads\/2025\/05\/fionamurtaj_albinfo_techforum-130-263x175.jpg 263w\" sizes=\"auto, (max-width: 640px) 100vw, 640px\" \/><\/a><\/p>\n<div class=\"tta_outtxt tta_outtxt_regen\" data-priority=\"2\">\n<div id=\"tta_output_ta\" class=\"tta_no_click_outline tta_output_hastxt tta_focusTextExtraExtraSmall\" dir=\"ltr\" lang=\"fr\" tabindex=\"0\" data-placeholder=\"Translation\">Dafina Turkeshi Bllaca et Florentina Dushi, co-dirigeantes de la soci\u00e9t\u00e9 de conseil Business Development Group, ont pr\u00e9sent\u00e9 leurs offres en gestion des ressources humaines, d\u00e9veloppement des capacit\u00e9s, formation et mentorat, gestion de la performance et optimisation des processus d&#8217;affaires.<\/div>\n<\/div>\n<p class=\"\" data-start=\"3854\" data-end=\"4080\"><a href=\"https:\/\/www.albinfo.ch\/wp-content\/uploads\/2025\/05\/fionamurtaj_albinfo_techforum-142-scaled.jpg\"><img loading=\"lazy\" decoding=\"async\" class=\"alignnone size-large wp-image-829974\" src=\"https:\/\/www.albinfo.ch\/wp-content\/uploads\/2025\/05\/fionamurtaj_albinfo_techforum-142-1024x683.jpg\" alt=\"\" width=\"640\" height=\"427\" srcset=\"https:\/\/www.albinfo.ch\/wp-content\/uploads\/2025\/05\/fionamurtaj_albinfo_techforum-142-1024x683.jpg 1024w, https:\/\/www.albinfo.ch\/wp-content\/uploads\/2025\/05\/fionamurtaj_albinfo_techforum-142-300x200.jpg 300w, https:\/\/www.albinfo.ch\/wp-content\/uploads\/2025\/05\/fionamurtaj_albinfo_techforum-142-768x512.jpg 768w, https:\/\/www.albinfo.ch\/wp-content\/uploads\/2025\/05\/fionamurtaj_albinfo_techforum-142-1536x1024.jpg 1536w, https:\/\/www.albinfo.ch\/wp-content\/uploads\/2025\/05\/fionamurtaj_albinfo_techforum-142-2048x1365.jpg 2048w, https:\/\/www.albinfo.ch\/wp-content\/uploads\/2025\/05\/fionamurtaj_albinfo_techforum-142-210x141.jpg 210w, https:\/\/www.albinfo.ch\/wp-content\/uploads\/2025\/05\/fionamurtaj_albinfo_techforum-142-587x391.jpg 587w, https:\/\/www.albinfo.ch\/wp-content\/uploads\/2025\/05\/fionamurtaj_albinfo_techforum-142-150x100.jpg 150w, https:\/\/www.albinfo.ch\/wp-content\/uploads\/2025\/05\/fionamurtaj_albinfo_techforum-142-263x175.jpg 263w\" sizes=\"auto, (max-width: 640px) 100vw, 640px\" \/><\/a><\/p>\n<p class=\"\" data-start=\"3854\" data-end=\"4080\">Shpend Gashi a parl\u00e9 d\u2019Aralytiks, une entreprise sp\u00e9cialis\u00e9e dans l\u2019accompagnement des soci\u00e9t\u00e9s dans leur transformation digitale, offrant des services complets en intelligence d\u2019affaires (BI) et en analyse des donn\u00e9es.<\/p>\n<p class=\"\" data-start=\"4082\" data-end=\"4197\"><a href=\"https:\/\/www.albinfo.ch\/wp-content\/uploads\/2025\/05\/fionamurtaj_albinfo_techforum-148-scaled.jpg\"><img loading=\"lazy\" decoding=\"async\" class=\"alignnone size-large wp-image-829977\" src=\"https:\/\/www.albinfo.ch\/wp-content\/uploads\/2025\/05\/fionamurtaj_albinfo_techforum-148-683x1024.jpg\" alt=\"\" width=\"640\" height=\"960\" srcset=\"https:\/\/www.albinfo.ch\/wp-content\/uploads\/2025\/05\/fionamurtaj_albinfo_techforum-148-683x1024.jpg 683w, https:\/\/www.albinfo.ch\/wp-content\/uploads\/2025\/05\/fionamurtaj_albinfo_techforum-148-200x300.jpg 200w, https:\/\/www.albinfo.ch\/wp-content\/uploads\/2025\/05\/fionamurtaj_albinfo_techforum-148-768x1152.jpg 768w, https:\/\/www.albinfo.ch\/wp-content\/uploads\/2025\/05\/fionamurtaj_albinfo_techforum-148-1024x1536.jpg 1024w, https:\/\/www.albinfo.ch\/wp-content\/uploads\/2025\/05\/fionamurtaj_albinfo_techforum-148-1365x2048.jpg 1365w, https:\/\/www.albinfo.ch\/wp-content\/uploads\/2025\/05\/fionamurtaj_albinfo_techforum-148-264x396.jpg 264w, https:\/\/www.albinfo.ch\/wp-content\/uploads\/2025\/05\/fionamurtaj_albinfo_techforum-148-67x100.jpg 67w, https:\/\/www.albinfo.ch\/wp-content\/uploads\/2025\/05\/fionamurtaj_albinfo_techforum-148-117x175.jpg 117w, https:\/\/www.albinfo.ch\/wp-content\/uploads\/2025\/05\/fionamurtaj_albinfo_techforum-148-scaled.jpg 1707w\" sizes=\"auto, (max-width: 640px) 100vw, 640px\" \/><\/a><\/p>\n<p class=\"\" data-start=\"4082\" data-end=\"4197\">Depuis Pristina, Ylli Dushi \u00e9tait venu pr\u00e9senter sur le forum la plateforme financi\u00e8re num\u00e9rique OneFor.<\/p>\n<p class=\"\" data-start=\"4199\" data-end=\"4302\"><a href=\"https:\/\/www.albinfo.ch\/wp-content\/uploads\/2025\/05\/fionamurtaj_albinfo_techforum-162-scaled.jpg\"><img loading=\"lazy\" decoding=\"async\" class=\"alignnone size-large wp-image-829980\" src=\"https:\/\/www.albinfo.ch\/wp-content\/uploads\/2025\/05\/fionamurtaj_albinfo_techforum-162-1024x683.jpg\" alt=\"\" width=\"640\" height=\"427\" srcset=\"https:\/\/www.albinfo.ch\/wp-content\/uploads\/2025\/05\/fionamurtaj_albinfo_techforum-162-1024x683.jpg 1024w, https:\/\/www.albinfo.ch\/wp-content\/uploads\/2025\/05\/fionamurtaj_albinfo_techforum-162-300x200.jpg 300w, https:\/\/www.albinfo.ch\/wp-content\/uploads\/2025\/05\/fionamurtaj_albinfo_techforum-162-768x512.jpg 768w, https:\/\/www.albinfo.ch\/wp-content\/uploads\/2025\/05\/fionamurtaj_albinfo_techforum-162-1536x1024.jpg 1536w, https:\/\/www.albinfo.ch\/wp-content\/uploads\/2025\/05\/fionamurtaj_albinfo_techforum-162-2048x1365.jpg 2048w, https:\/\/www.albinfo.ch\/wp-content\/uploads\/2025\/05\/fionamurtaj_albinfo_techforum-162-210x141.jpg 210w, https:\/\/www.albinfo.ch\/wp-content\/uploads\/2025\/05\/fionamurtaj_albinfo_techforum-162-587x391.jpg 587w, https:\/\/www.albinfo.ch\/wp-content\/uploads\/2025\/05\/fionamurtaj_albinfo_techforum-162-150x100.jpg 150w, https:\/\/www.albinfo.ch\/wp-content\/uploads\/2025\/05\/fionamurtaj_albinfo_techforum-162-263x175.jpg 263w\" sizes=\"auto, (max-width: 640px) 100vw, 640px\" \/><\/a><\/p>\n<p class=\"\" data-start=\"4199\" data-end=\"4302\">Fisnik Pula a pr\u00e9sent\u00e9 Mikkena, une entreprise qui a connu une croissance rapide au cours des trois derni\u00e8res ann\u00e9es.<\/p>\n<p class=\"\" data-start=\"4304\" data-end=\"4477\"><a href=\"https:\/\/www.albinfo.ch\/wp-content\/uploads\/2025\/05\/fionamurtaj_albinfo_techforum-133-scaled.jpg\"><img loading=\"lazy\" decoding=\"async\" class=\"alignnone size-large wp-image-829983\" src=\"https:\/\/www.albinfo.ch\/wp-content\/uploads\/2025\/05\/fionamurtaj_albinfo_techforum-133-1024x683.jpg\" alt=\"\" width=\"640\" height=\"427\" srcset=\"https:\/\/www.albinfo.ch\/wp-content\/uploads\/2025\/05\/fionamurtaj_albinfo_techforum-133-1024x683.jpg 1024w, https:\/\/www.albinfo.ch\/wp-content\/uploads\/2025\/05\/fionamurtaj_albinfo_techforum-133-300x200.jpg 300w, https:\/\/www.albinfo.ch\/wp-content\/uploads\/2025\/05\/fionamurtaj_albinfo_techforum-133-768x512.jpg 768w, https:\/\/www.albinfo.ch\/wp-content\/uploads\/2025\/05\/fionamurtaj_albinfo_techforum-133-1536x1024.jpg 1536w, https:\/\/www.albinfo.ch\/wp-content\/uploads\/2025\/05\/fionamurtaj_albinfo_techforum-133-2048x1365.jpg 2048w, https:\/\/www.albinfo.ch\/wp-content\/uploads\/2025\/05\/fionamurtaj_albinfo_techforum-133-210x141.jpg 210w, https:\/\/www.albinfo.ch\/wp-content\/uploads\/2025\/05\/fionamurtaj_albinfo_techforum-133-587x391.jpg 587w, https:\/\/www.albinfo.ch\/wp-content\/uploads\/2025\/05\/fionamurtaj_albinfo_techforum-133-150x100.jpg 150w, https:\/\/www.albinfo.ch\/wp-content\/uploads\/2025\/05\/fionamurtaj_albinfo_techforum-133-263x175.jpg 263w\" sizes=\"auto, (max-width: 640px) 100vw, 640px\" \/><\/a><\/p>\n<p class=\"\" data-start=\"4304\" data-end=\"4477\">Ermal Sadiku s\u2019est exprim\u00e9 au nom de LinkPlus, une entreprise pr\u00e9sente sur le march\u00e9 depuis plus de douze ans et qui emploie 75 ing\u00e9nieurs \u00e0 Pristina, au Kosovo, ainsi qu\u2019\u00e0 Skopje, en Mac\u00e9doine du Nord.<\/p>\n<p class=\"\" data-start=\"4479\" data-end=\"4607\"><a href=\"https:\/\/www.albinfo.ch\/wp-content\/uploads\/2025\/05\/fionamurtaj_albinfo_techforum-158-scaled.jpg\"><img loading=\"lazy\" decoding=\"async\" class=\"alignnone size-large wp-image-829986\" src=\"https:\/\/www.albinfo.ch\/wp-content\/uploads\/2025\/05\/fionamurtaj_albinfo_techforum-158-683x1024.jpg\" alt=\"\" width=\"640\" height=\"960\" srcset=\"https:\/\/www.albinfo.ch\/wp-content\/uploads\/2025\/05\/fionamurtaj_albinfo_techforum-158-683x1024.jpg 683w, https:\/\/www.albinfo.ch\/wp-content\/uploads\/2025\/05\/fionamurtaj_albinfo_techforum-158-200x300.jpg 200w, https:\/\/www.albinfo.ch\/wp-content\/uploads\/2025\/05\/fionamurtaj_albinfo_techforum-158-768x1152.jpg 768w, https:\/\/www.albinfo.ch\/wp-content\/uploads\/2025\/05\/fionamurtaj_albinfo_techforum-158-1024x1536.jpg 1024w, https:\/\/www.albinfo.ch\/wp-content\/uploads\/2025\/05\/fionamurtaj_albinfo_techforum-158-1365x2048.jpg 1365w, https:\/\/www.albinfo.ch\/wp-content\/uploads\/2025\/05\/fionamurtaj_albinfo_techforum-158-264x396.jpg 264w, https:\/\/www.albinfo.ch\/wp-content\/uploads\/2025\/05\/fionamurtaj_albinfo_techforum-158-67x100.jpg 67w, https:\/\/www.albinfo.ch\/wp-content\/uploads\/2025\/05\/fionamurtaj_albinfo_techforum-158-117x175.jpg 117w, https:\/\/www.albinfo.ch\/wp-content\/uploads\/2025\/05\/fionamurtaj_albinfo_techforum-158-scaled.jpg 1707w\" sizes=\"auto, (max-width: 640px) 100vw, 640px\" \/><\/a><\/p>\n<p class=\"\" data-start=\"4479\" data-end=\"4607\">Enis Jusufi a \u00e9galement pr\u00e9sent\u00e9 sa soci\u00e9t\u00e9 Rockapps LLC et a \u00e9voqu\u00e9 la collaboration qu\u2019il entretient d\u00e9j\u00e0 avec des entreprises suisses.<\/p>\n<p class=\"\" data-start=\"4609\" data-end=\"4775\"><a href=\"https:\/\/www.albinfo.ch\/wp-content\/uploads\/2025\/05\/fionamurtaj_albinfo_techforum-124-scaled.jpg\"><img loading=\"lazy\" decoding=\"async\" class=\"alignnone size-large wp-image-829989\" src=\"https:\/\/www.albinfo.ch\/wp-content\/uploads\/2025\/05\/fionamurtaj_albinfo_techforum-124-683x1024.jpg\" alt=\"\" width=\"640\" height=\"960\" srcset=\"https:\/\/www.albinfo.ch\/wp-content\/uploads\/2025\/05\/fionamurtaj_albinfo_techforum-124-683x1024.jpg 683w, https:\/\/www.albinfo.ch\/wp-content\/uploads\/2025\/05\/fionamurtaj_albinfo_techforum-124-200x300.jpg 200w, https:\/\/www.albinfo.ch\/wp-content\/uploads\/2025\/05\/fionamurtaj_albinfo_techforum-124-768x1152.jpg 768w, https:\/\/www.albinfo.ch\/wp-content\/uploads\/2025\/05\/fionamurtaj_albinfo_techforum-124-1024x1536.jpg 1024w, https:\/\/www.albinfo.ch\/wp-content\/uploads\/2025\/05\/fionamurtaj_albinfo_techforum-124-1365x2048.jpg 1365w, https:\/\/www.albinfo.ch\/wp-content\/uploads\/2025\/05\/fionamurtaj_albinfo_techforum-124-264x396.jpg 264w, https:\/\/www.albinfo.ch\/wp-content\/uploads\/2025\/05\/fionamurtaj_albinfo_techforum-124-67x100.jpg 67w, https:\/\/www.albinfo.ch\/wp-content\/uploads\/2025\/05\/fionamurtaj_albinfo_techforum-124-117x175.jpg 117w, https:\/\/www.albinfo.ch\/wp-content\/uploads\/2025\/05\/fionamurtaj_albinfo_techforum-124-scaled.jpg 1707w\" sizes=\"auto, (max-width: 640px) 100vw, 640px\" \/><\/a><\/p>\n<p class=\"\" data-start=\"4609\" data-end=\"4775\">Fatos Stavileci a pris la parole au nom de Fourbyte, une entreprise kosovare sp\u00e9cialis\u00e9e dans la conception et la maintenance d\u2019infrastructures r\u00e9seau modernes..<\/p>\n<figure id=\"attachment_830001\" aria-describedby=\"caption-attachment-830001\" style=\"width: 640px\" class=\"wp-caption alignnone\"><a href=\"https:\/\/www.albinfo.ch\/wp-content\/uploads\/2025\/05\/fionamurtaj_albinfo_techforum-166-1-scaled.jpg\"><img loading=\"lazy\" decoding=\"async\" class=\"wp-image-830001 size-large\" src=\"https:\/\/www.albinfo.ch\/wp-content\/uploads\/2025\/05\/fionamurtaj_albinfo_techforum-166-1-1024x683.jpg\" alt=\"\" width=\"640\" height=\"427\" srcset=\"https:\/\/www.albinfo.ch\/wp-content\/uploads\/2025\/05\/fionamurtaj_albinfo_techforum-166-1-1024x683.jpg 1024w, https:\/\/www.albinfo.ch\/wp-content\/uploads\/2025\/05\/fionamurtaj_albinfo_techforum-166-1-300x200.jpg 300w, https:\/\/www.albinfo.ch\/wp-content\/uploads\/2025\/05\/fionamurtaj_albinfo_techforum-166-1-768x512.jpg 768w, https:\/\/www.albinfo.ch\/wp-content\/uploads\/2025\/05\/fionamurtaj_albinfo_techforum-166-1-1536x1024.jpg 1536w, https:\/\/www.albinfo.ch\/wp-content\/uploads\/2025\/05\/fionamurtaj_albinfo_techforum-166-1-2048x1365.jpg 2048w, https:\/\/www.albinfo.ch\/wp-content\/uploads\/2025\/05\/fionamurtaj_albinfo_techforum-166-1-210x141.jpg 210w, https:\/\/www.albinfo.ch\/wp-content\/uploads\/2025\/05\/fionamurtaj_albinfo_techforum-166-1-587x391.jpg 587w, https:\/\/www.albinfo.ch\/wp-content\/uploads\/2025\/05\/fionamurtaj_albinfo_techforum-166-1-150x100.jpg 150w, https:\/\/www.albinfo.ch\/wp-content\/uploads\/2025\/05\/fionamurtaj_albinfo_techforum-166-1-263x175.jpg 263w\" sizes=\"auto, (max-width: 640px) 100vw, 640px\" \/><\/a><figcaption id=\"caption-attachment-830001\" class=\"wp-caption-text\">albinfo.ch\u00a0<a href=\"https:\/\/www.albinfo.ch\/wp-content\/uploads\/2025\/05\/fionamurtaj_albinfo_techforum-152-scaled.jpg\"><img loading=\"lazy\" decoding=\"async\" class=\"alignnone size-large wp-image-830004\" src=\"https:\/\/www.albinfo.ch\/wp-content\/uploads\/2025\/05\/fionamurtaj_albinfo_techforum-152-1024x683.jpg\" alt=\"\" width=\"640\" height=\"427\" srcset=\"https:\/\/www.albinfo.ch\/wp-content\/uploads\/2025\/05\/fionamurtaj_albinfo_techforum-152-1024x683.jpg 1024w, https:\/\/www.albinfo.ch\/wp-content\/uploads\/2025\/05\/fionamurtaj_albinfo_techforum-152-300x200.jpg 300w, https:\/\/www.albinfo.ch\/wp-content\/uploads\/2025\/05\/fionamurtaj_albinfo_techforum-152-768x512.jpg 768w, https:\/\/www.albinfo.ch\/wp-content\/uploads\/2025\/05\/fionamurtaj_albinfo_techforum-152-1536x1024.jpg 1536w, https:\/\/www.albinfo.ch\/wp-content\/uploads\/2025\/05\/fionamurtaj_albinfo_techforum-152-2048x1365.jpg 2048w, https:\/\/www.albinfo.ch\/wp-content\/uploads\/2025\/05\/fionamurtaj_albinfo_techforum-152-210x141.jpg 210w, https:\/\/www.albinfo.ch\/wp-content\/uploads\/2025\/05\/fionamurtaj_albinfo_techforum-152-587x391.jpg 587w, https:\/\/www.albinfo.ch\/wp-content\/uploads\/2025\/05\/fionamurtaj_albinfo_techforum-152-150x100.jpg 150w, https:\/\/www.albinfo.ch\/wp-content\/uploads\/2025\/05\/fionamurtaj_albinfo_techforum-152-263x175.jpg 263w\" sizes=\"auto, (max-width: 640px) 100vw, 640px\" \/><\/a><\/figcaption><\/figure>\n<p data-start=\"4609\" data-end=\"4775\">Foto: Fiona Murtaj<\/p>\n<p><iframe loading=\"lazy\" style=\"border: none; overflow: hidden;\" src=\"https:\/\/www.facebook.com\/plugins\/post.php?href=https%3A%2F%2Fwww.facebook.com%2Falbinfo.ch%2Fposts%2Fpfbid022gDHufnXuBK4VdJKAFmqesCg1SSXWcQ8jvC2fvEQP371JdgDvgtaaGyHkQ76C6wWl&amp;show_text=true&amp;width=500\" width=\"500\" height=\"715\" frameborder=\"0\" scrolling=\"no\" allowfullscreen=\"allowfullscreen\"><\/iframe><\/p>\n","protected":false},"excerpt":{"rendered":"<p>Organis\u00e9 per la plateforme albinfo.ch et smzh AG, le Forum albano-suisse consacr\u00e9 aux technologies de l\u2019information (TI) et \u00e0 l\u2019innovation s\u2019est tenu le 13 mai \u00e0 Zurich, au si\u00e8ge de la FIFA. Le Kosovo et les Albanais, plus largement dans les Balkans occidentaux, sont depuis plusieurs ann\u00e9es consid\u00e9r\u00e9s comme une puissance respectable dans le domaine [&hellip;]<\/p>\n","protected":false},"author":6,"featured_media":829961,"comment_status":"closed","ping_status":"closed","sticky":false,"template":"","format":"standard","meta":{"footnotes":""},"categories":[33083,34498,3980,23271,1164,23274,3979,23270,24620,24629,1163,1186,1411,2014],"tags":[],"vendi":[31859],"content_country":[31835,31838,31840],"class_list":["post-830148","post","type-post","status-publish","format-standard","has-post-thumbnail","hentry","category-de-balkani-fr","category-evente-fr","category-portrait-des-entreprises","category-kosovo","category-integration-fr","category-developpement","category-entreprises-cat","category-at-balkani-fr","category-kosova-fr-2","category-developpement-fr","category-fr-e-diaspora","category-couverture-de-terrain","category-newsletter-fr","category-newsletter-media-fr","vendi-zurich","content_country-austria-fr","content_country-germany-fr","content_country-zvicer-fr"],"acf":[],"_links":{"self":[{"href":"https:\/\/www.albinfo.ch\/fr\/wp-json\/wp\/v2\/posts\/830148","targetHints":{"allow":["GET"]}}],"collection":[{"href":"https:\/\/www.albinfo.ch\/fr\/wp-json\/wp\/v2\/posts"}],"about":[{"href":"https:\/\/www.albinfo.ch\/fr\/wp-json\/wp\/v2\/types\/post"}],"author":[{"embeddable":true,"href":"https:\/\/www.albinfo.ch\/fr\/wp-json\/wp\/v2\/users\/6"}],"replies":[{"embeddable":true,"href":"https:\/\/www.albinfo.ch\/fr\/wp-json\/wp\/v2\/comments?post=830148"}],"version-history":[{"count":2,"href":"https:\/\/www.albinfo.ch\/fr\/wp-json\/wp\/v2\/posts\/830148\/revisions"}],"predecessor-version":[{"id":830195,"href":"https:\/\/www.albinfo.ch\/fr\/wp-json\/wp\/v2\/posts\/830148\/revisions\/830195"}],"wp:featuredmedia":[{"embeddable":true,"href":"https:\/\/www.albinfo.ch\/fr\/wp-json\/wp\/v2\/media\/829961"}],"wp:attachment":[{"href":"https:\/\/www.albinfo.ch\/fr\/wp-json\/wp\/v2\/media?parent=830148"}],"wp:term":[{"taxonomy":"category","embeddable":true,"href":"https:\/\/www.albinfo.ch\/fr\/wp-json\/wp\/v2\/categories?post=830148"},{"taxonomy":"post_tag","embeddable":true,"href":"https:\/\/www.albinfo.ch\/fr\/wp-json\/wp\/v2\/tags?post=830148"},{"taxonomy":"vendi","embeddable":true,"href":"https:\/\/www.albinfo.ch\/fr\/wp-json\/wp\/v2\/vendi?post=830148"},{"taxonomy":"content_country","embeddable":true,"href":"https:\/\/www.albinfo.ch\/fr\/wp-json\/wp\/v2\/content_country?post=830148"}],"curies":[{"name":"wp","href":"https:\/\/api.w.org\/{rel}","templated":true}]}}