{"id":863049,"date":"2025-09-26T20:53:11","date_gmt":"2025-09-26T18:53:11","guid":{"rendered":"https:\/\/www.albinfo.ch\/?p=863049"},"modified":"2025-09-26T20:55:16","modified_gmt":"2025-09-26T18:55:16","slug":"un-membre-republicain-du-congres-affirme-quosmani-a-egalement-rencontre-trump","status":"publish","type":"post","link":"https:\/\/www.albinfo.ch\/fr\/un-membre-republicain-du-congres-affirme-quosmani-a-egalement-rencontre-trump\/","title":{"rendered":"Un membre r\u00e9publicain du Congr\u00e8s affirme qu\u2019Osmani a \u00e9galement rencontr\u00e9 Trump."},"content":{"rendered":"<p data-start=\"0\" data-end=\"284\">Le membre du Congr\u00e8s am\u00e9ricain Keith Self a annonc\u00e9 une rencontre qu\u2019il a eue avec la pr\u00e9sidente du Kosovo, Vjosa Osmani, alors qu\u2019elle se trouve \u00e0 New York pour participer \u00e0 la semaine de haut niveau de l\u2019Assembl\u00e9e g\u00e9n\u00e9rale des Nations Unies, rapporte albinfo.ch.<\/p>\n<p data-start=\"286\" data-end=\"462\">Le r\u00e9publicain Self, tout en annon\u00e7ant sa rencontre avec Osmani, a pr\u00e9cis\u00e9 entre autres que la pr\u00e9sidente du Kosovo a \u00e9galement rencontr\u00e9 le pr\u00e9sident am\u00e9ricain Donald Trump.<\/p>\n<p data-start=\"464\" data-end=\"687\">&#8221; Je suis reconnaissant \u00e0 la pr\u00e9sidente du Kosovo, Mme Osmani, d\u2019avoir pass\u00e9 du temps avec moi hier apr\u00e8s ses rencontres avec le pr\u00e9sident Trump et les membres des Nations Unies &#8220;, a \u00e9crit Keith dans un post sur Facebook.<\/p>\n<p class=\"p1\"><span class=\"s1\"><a href=\"https:\/\/www.facebook.com\/share\/19ucwgBXVi\/?mibextid=wwXIfr\">https:\/\/www.facebook.com\/share\/19ucwgBXVi\/?mibextid=wwXIfr<\/a><\/span><\/p>\n","protected":false},"excerpt":{"rendered":"<p>Le membre du Congr\u00e8s am\u00e9ricain Keith Self a annonc\u00e9 une rencontre qu\u2019il a eue avec la pr\u00e9sidente du Kosovo, Vjosa Osmani, alors qu\u2019elle se trouve \u00e0 New York pour participer \u00e0 la semaine de haut niveau de l\u2019Assembl\u00e9e g\u00e9n\u00e9rale des Nations Unies, rapporte albinfo.ch. Le r\u00e9publicain Self, tout en annon\u00e7ant sa rencontre avec Osmani, a [&hellip;]<\/p>\n","protected":false},"author":6,"featured_media":862926,"comment_status":"closed","ping_status":"closed","sticky":false,"template":"","format":"standard","meta":{"footnotes":""},"categories":[23271,3949,23270,24630,1159],"tags":[],"vendi":[],"content_country":[31835,31838,31840],"class_list":["post-863049","post","type-post","status-publish","format-standard","has-post-thumbnail","hentry","category-kosovo","category-kosova-fr","category-at-balkani-fr","category-nouvelles","category-ch-balkans","content_country-austria-fr","content_country-germany-fr","content_country-zvicer-fr"],"acf":[],"_links":{"self":[{"href":"https:\/\/www.albinfo.ch\/fr\/wp-json\/wp\/v2\/posts\/863049","targetHints":{"allow":["GET"]}}],"collection":[{"href":"https:\/\/www.albinfo.ch\/fr\/wp-json\/wp\/v2\/posts"}],"about":[{"href":"https:\/\/www.albinfo.ch\/fr\/wp-json\/wp\/v2\/types\/post"}],"author":[{"embeddable":true,"href":"https:\/\/www.albinfo.ch\/fr\/wp-json\/wp\/v2\/users\/6"}],"replies":[{"embeddable":true,"href":"https:\/\/www.albinfo.ch\/fr\/wp-json\/wp\/v2\/comments?post=863049"}],"version-history":[{"count":1,"href":"https:\/\/www.albinfo.ch\/fr\/wp-json\/wp\/v2\/posts\/863049\/revisions"}],"predecessor-version":[{"id":863051,"href":"https:\/\/www.albinfo.ch\/fr\/wp-json\/wp\/v2\/posts\/863049\/revisions\/863051"}],"wp:featuredmedia":[{"embeddable":true,"href":"https:\/\/www.albinfo.ch\/fr\/wp-json\/wp\/v2\/media\/862926"}],"wp:attachment":[{"href":"https:\/\/www.albinfo.ch\/fr\/wp-json\/wp\/v2\/media?parent=863049"}],"wp:term":[{"taxonomy":"category","embeddable":true,"href":"https:\/\/www.albinfo.ch\/fr\/wp-json\/wp\/v2\/categories?post=863049"},{"taxonomy":"post_tag","embeddable":true,"href":"https:\/\/www.albinfo.ch\/fr\/wp-json\/wp\/v2\/tags?post=863049"},{"taxonomy":"vendi","embeddable":true,"href":"https:\/\/www.albinfo.ch\/fr\/wp-json\/wp\/v2\/vendi?post=863049"},{"taxonomy":"content_country","embeddable":true,"href":"https:\/\/www.albinfo.ch\/fr\/wp-json\/wp\/v2\/content_country?post=863049"}],"curies":[{"name":"wp","href":"https:\/\/api.w.org\/{rel}","templated":true}]}}