{"id":864749,"date":"2025-10-03T21:00:19","date_gmt":"2025-10-03T19:00:19","guid":{"rendered":"https:\/\/www.albinfo.ch\/?p=864749"},"modified":"2025-10-03T21:00:37","modified_gmt":"2025-10-03T19:00:37","slug":"franco-foda-publie-la-liste-elargie-pour-les-matchs-doctobre","status":"publish","type":"post","link":"https:\/\/www.albinfo.ch\/fr\/franco-foda-publie-la-liste-elargie-pour-les-matchs-doctobre\/","title":{"rendered":"Franco Foda publie la liste \u00e9largie pour les matchs d\u2019octobre"},"content":{"rendered":"<p data-start=\"136\" data-end=\"561\">Le s\u00e9lectionneur de l\u2019\u00e9quipe nationale du Kosovo, Franco Foda, a publi\u00e9 la liste \u00e9largie des joueurs pour les deux matchs d\u2019octobre dans le cadre du Groupe B des qualifications pour la Coupe du monde 2026. Les Dardan\u00ebt affronteront d\u2019abord la Slov\u00e9nie, puis une rencontre difficile contre la Su\u00e8de, des matchs qui devraient \u00eatre d\u00e9cisifs pour le parcours du Kosovo dans cette campagne, rapporte albinfo.ch.<\/p>\n<p data-start=\"563\" data-end=\"988\">Dans la liste de Foda, plusieurs noms importants font leur retour, tandis que de nouveaux d\u00e9butants apparaissent \u00e9galement. Des absences notables sont \u00e0 signaler en raison de blessures ou de la forme de certains joueurs, mais la pr\u00e9sence de jeunes talents apporte un souffle d\u2019optimisme et une concurrence accrue au sein de l\u2019\u00e9quipe. Voici les joueurs s\u00e9lectionn\u00e9s par l\u2019entra\u00eeneur allemand pour la liste \u00e9largie d\u2019octobre.<\/p>\n<p><a href=\"https:\/\/www.albinfo.ch\/wp-content\/uploads\/2025\/10\/img_3178.jpeg\"><img loading=\"lazy\" decoding=\"async\" class=\"alignnone wp-image-864578\" src=\"https:\/\/www.albinfo.ch\/wp-content\/uploads\/2025\/10\/img_3178-1024x1024.jpeg\" alt=\"\" width=\"500\" height=\"500\" srcset=\"https:\/\/www.albinfo.ch\/wp-content\/uploads\/2025\/10\/img_3178-1024x1024.jpeg 1024w, https:\/\/www.albinfo.ch\/wp-content\/uploads\/2025\/10\/img_3178-300x300.jpeg 300w, https:\/\/www.albinfo.ch\/wp-content\/uploads\/2025\/10\/img_3178-150x150.jpeg 150w, https:\/\/www.albinfo.ch\/wp-content\/uploads\/2025\/10\/img_3178-768x768.jpeg 768w, https:\/\/www.albinfo.ch\/wp-content\/uploads\/2025\/10\/img_3178-396x396.jpeg 396w, https:\/\/www.albinfo.ch\/wp-content\/uploads\/2025\/10\/img_3178-280x280.jpeg 280w, https:\/\/www.albinfo.ch\/wp-content\/uploads\/2025\/10\/img_3178-100x100.jpeg 100w, https:\/\/www.albinfo.ch\/wp-content\/uploads\/2025\/10\/img_3178-175x175.jpeg 175w, https:\/\/www.albinfo.ch\/wp-content\/uploads\/2025\/10\/img_3178.jpeg 1500w\" sizes=\"auto, (max-width: 500px) 100vw, 500px\" \/><\/a> <a href=\"https:\/\/www.albinfo.ch\/wp-content\/uploads\/2025\/10\/img_3179.jpeg\"><img loading=\"lazy\" decoding=\"async\" class=\"alignnone wp-image-864581\" src=\"https:\/\/www.albinfo.ch\/wp-content\/uploads\/2025\/10\/img_3179-1024x1024.jpeg\" alt=\"\" width=\"500\" height=\"500\" srcset=\"https:\/\/www.albinfo.ch\/wp-content\/uploads\/2025\/10\/img_3179-1024x1024.jpeg 1024w, https:\/\/www.albinfo.ch\/wp-content\/uploads\/2025\/10\/img_3179-300x300.jpeg 300w, https:\/\/www.albinfo.ch\/wp-content\/uploads\/2025\/10\/img_3179-150x150.jpeg 150w, https:\/\/www.albinfo.ch\/wp-content\/uploads\/2025\/10\/img_3179-768x768.jpeg 768w, https:\/\/www.albinfo.ch\/wp-content\/uploads\/2025\/10\/img_3179-396x396.jpeg 396w, https:\/\/www.albinfo.ch\/wp-content\/uploads\/2025\/10\/img_3179-280x280.jpeg 280w, https:\/\/www.albinfo.ch\/wp-content\/uploads\/2025\/10\/img_3179-100x100.jpeg 100w, https:\/\/www.albinfo.ch\/wp-content\/uploads\/2025\/10\/img_3179-175x175.jpeg 175w, https:\/\/www.albinfo.ch\/wp-content\/uploads\/2025\/10\/img_3179.jpeg 1500w\" sizes=\"auto, (max-width: 500px) 100vw, 500px\" \/><\/a><\/p>\n","protected":false},"excerpt":{"rendered":"<p>Les Dardan\u00ebt avec la nouvelle liste face \u00e0 la Slov\u00e9nie et \u00e0 la Su\u00e8de<\/p>\n","protected":false},"author":6,"featured_media":858848,"comment_status":"closed","ping_status":"closed","sticky":false,"template":"","format":"standard","meta":{"footnotes":""},"categories":[23271,23270,24630,24671,1169,1109],"tags":[],"vendi":[],"content_country":[31835,31838,31840],"class_list":["post-864749","post","type-post","status-publish","format-standard","has-post-thumbnail","hentry","category-kosovo","category-at-balkani-fr","category-nouvelles","category-football","category-sport-fr","category-non-classifiee","content_country-austria-fr","content_country-germany-fr","content_country-zvicer-fr"],"acf":[],"_links":{"self":[{"href":"https:\/\/www.albinfo.ch\/fr\/wp-json\/wp\/v2\/posts\/864749","targetHints":{"allow":["GET"]}}],"collection":[{"href":"https:\/\/www.albinfo.ch\/fr\/wp-json\/wp\/v2\/posts"}],"about":[{"href":"https:\/\/www.albinfo.ch\/fr\/wp-json\/wp\/v2\/types\/post"}],"author":[{"embeddable":true,"href":"https:\/\/www.albinfo.ch\/fr\/wp-json\/wp\/v2\/users\/6"}],"replies":[{"embeddable":true,"href":"https:\/\/www.albinfo.ch\/fr\/wp-json\/wp\/v2\/comments?post=864749"}],"version-history":[{"count":1,"href":"https:\/\/www.albinfo.ch\/fr\/wp-json\/wp\/v2\/posts\/864749\/revisions"}],"predecessor-version":[{"id":864750,"href":"https:\/\/www.albinfo.ch\/fr\/wp-json\/wp\/v2\/posts\/864749\/revisions\/864750"}],"wp:featuredmedia":[{"embeddable":true,"href":"https:\/\/www.albinfo.ch\/fr\/wp-json\/wp\/v2\/media\/858848"}],"wp:attachment":[{"href":"https:\/\/www.albinfo.ch\/fr\/wp-json\/wp\/v2\/media?parent=864749"}],"wp:term":[{"taxonomy":"category","embeddable":true,"href":"https:\/\/www.albinfo.ch\/fr\/wp-json\/wp\/v2\/categories?post=864749"},{"taxonomy":"post_tag","embeddable":true,"href":"https:\/\/www.albinfo.ch\/fr\/wp-json\/wp\/v2\/tags?post=864749"},{"taxonomy":"vendi","embeddable":true,"href":"https:\/\/www.albinfo.ch\/fr\/wp-json\/wp\/v2\/vendi?post=864749"},{"taxonomy":"content_country","embeddable":true,"href":"https:\/\/www.albinfo.ch\/fr\/wp-json\/wp\/v2\/content_country?post=864749"}],"curies":[{"name":"wp","href":"https:\/\/api.w.org\/{rel}","templated":true}]}}