{"id":865182,"date":"2025-10-06T17:51:04","date_gmt":"2025-10-06T15:51:04","guid":{"rendered":"https:\/\/www.albinfo.ch\/?p=865182"},"modified":"2025-10-06T17:52:19","modified_gmt":"2025-10-06T15:52:19","slug":"lalbanie-enregistre-un-record-de-reserves-de-devises-etrangeres","status":"publish","type":"post","link":"https:\/\/www.albinfo.ch\/fr\/lalbanie-enregistre-un-record-de-reserves-de-devises-etrangeres\/","title":{"rendered":"L\u2019Albanie enregistre un record de r\u00e9serves de devises \u00e9trang\u00e8res"},"content":{"rendered":"<p data-start=\"0\" data-end=\"286\">Les achats obligatoires de devises, effectu\u00e9s au-del\u00e0 du plan initial dans le but de stabiliser le taux de change, ainsi que l\u2019\u00e9mission de l\u2019euro-obligation au d\u00e9but de cette ann\u00e9e, ont port\u00e9 les r\u00e9serves de change de l\u2019Albanie \u00e0 leur niveau historique le plus \u00e9lev\u00e9.<\/p>\n<p data-start=\"288\" data-end=\"495\">Selon les chiffres de la Banque d\u2019Albanie, pour la premi\u00e8re fois, les r\u00e9serves de devises ont d\u00e9pass\u00e9 les 7 milliards d\u2019euros, enregistrant une augmentation de 1,2 milliard d\u2019euros par rapport \u00e0 ao\u00fbt 2024.<\/p>\n<p data-start=\"497\" data-end=\"748\">La majeure partie de ces r\u00e9serves est constitu\u00e9e de titres financiers, d\u2019une valeur de 5,3 milliards d\u2019euros, le reste \u00e9tant des d\u00e9p\u00f4ts et des devises, ainsi que 317 millions d\u2019euros en lingots d\u2019or, rapportent les m\u00e9dias albanais, selon albinfo.ch.<\/p>\n<p data-start=\"750\" data-end=\"1111\">En une d\u00e9cennie, les r\u00e9serves ont plus que tripl\u00e9, leur valeur n\u2019\u00e9tant que de 2,8 milliards d\u2019euros en 2015. Ces r\u00e9serves sont activ\u00e9es en p\u00e9riode de crise, pour rembourser la dette en devises, couvrir les importations ou garantir la stabilit\u00e9 du taux de change. La banque centrale pr\u00e9cise que les r\u00e9serves actuelles couvrent au moins 7,3 mois d\u2019importations.<\/p>\n<p data-start=\"1113\" data-end=\"1298\">&#8221; \u00c0 la fin du mois de juin, les r\u00e9serves de devises \u00e9taient suffisantes pour couvrir 7,3 mois d\u2019importations de biens et de services &#8220;, indique le rapport sur la stabilit\u00e9 financi\u00e8re.<\/p>\n<p data-start=\"1300\" data-end=\"1678\">L\u2019une des principales raisons de cette hausse rapide des r\u00e9serves est l\u2019augmentation des achats de devises sur le march\u00e9 par la Banque d\u2019Albanie, dans le but de stabiliser le taux de change et d\u2019\u00e9viter une d\u00e9pr\u00e9ciation plus marqu\u00e9e de l\u2019euro ou du dollar. Rien qu\u2019au cours du premier semestre de l\u2019ann\u00e9e, 72,7 millions d\u2019euros ont \u00e9t\u00e9 achet\u00e9s pour freiner la baisse de l\u2019euro.<\/p>\n<p data-start=\"1680\" data-end=\"1961\">Cependant, malgr\u00e9 ces interventions, un retour complet \u00e0 la normalit\u00e9 du taux de change semble peu probable. Alors qu\u2019\u00e0 la fin de 2024 on \u00e9voquait un &#8221; nouveau normal &#8221; avec un euro valant 100 \u00e0 102 leks, on parle aujourd\u2019hui d\u2019un taux moyen de 97 leks, voire parfois de 96 leks.<\/p>\n","protected":false},"excerpt":{"rendered":"<p>Pour la premi\u00e8re fois, les r\u00e9serves de devises \u00e9trang\u00e8res ont d\u00e9pass\u00e9 les 7 milliards d\u2019euros, enregistrant une augmentation de 1,2 milliard d\u2019euros.<\/p>\n","protected":false},"author":6,"featured_media":759454,"comment_status":"closed","ping_status":"closed","sticky":false,"template":"","format":"standard","meta":{"footnotes":""},"categories":[3943,1159,1109],"tags":[],"vendi":[],"content_country":[31835,31838,31840],"class_list":["post-865182","post","type-post","status-publish","format-standard","has-post-thumbnail","hentry","category-shqiperia-fr","category-ch-balkans","category-non-classifiee","content_country-austria-fr","content_country-germany-fr","content_country-zvicer-fr"],"acf":[],"_links":{"self":[{"href":"https:\/\/www.albinfo.ch\/fr\/wp-json\/wp\/v2\/posts\/865182","targetHints":{"allow":["GET"]}}],"collection":[{"href":"https:\/\/www.albinfo.ch\/fr\/wp-json\/wp\/v2\/posts"}],"about":[{"href":"https:\/\/www.albinfo.ch\/fr\/wp-json\/wp\/v2\/types\/post"}],"author":[{"embeddable":true,"href":"https:\/\/www.albinfo.ch\/fr\/wp-json\/wp\/v2\/users\/6"}],"replies":[{"embeddable":true,"href":"https:\/\/www.albinfo.ch\/fr\/wp-json\/wp\/v2\/comments?post=865182"}],"version-history":[{"count":1,"href":"https:\/\/www.albinfo.ch\/fr\/wp-json\/wp\/v2\/posts\/865182\/revisions"}],"predecessor-version":[{"id":865183,"href":"https:\/\/www.albinfo.ch\/fr\/wp-json\/wp\/v2\/posts\/865182\/revisions\/865183"}],"wp:featuredmedia":[{"embeddable":true,"href":"https:\/\/www.albinfo.ch\/fr\/wp-json\/wp\/v2\/media\/759454"}],"wp:attachment":[{"href":"https:\/\/www.albinfo.ch\/fr\/wp-json\/wp\/v2\/media?parent=865182"}],"wp:term":[{"taxonomy":"category","embeddable":true,"href":"https:\/\/www.albinfo.ch\/fr\/wp-json\/wp\/v2\/categories?post=865182"},{"taxonomy":"post_tag","embeddable":true,"href":"https:\/\/www.albinfo.ch\/fr\/wp-json\/wp\/v2\/tags?post=865182"},{"taxonomy":"vendi","embeddable":true,"href":"https:\/\/www.albinfo.ch\/fr\/wp-json\/wp\/v2\/vendi?post=865182"},{"taxonomy":"content_country","embeddable":true,"href":"https:\/\/www.albinfo.ch\/fr\/wp-json\/wp\/v2\/content_country?post=865182"}],"curies":[{"name":"wp","href":"https:\/\/api.w.org\/{rel}","templated":true}]}}