{"id":865997,"date":"2025-10-09T23:05:59","date_gmt":"2025-10-09T21:05:59","guid":{"rendered":"https:\/\/www.albinfo.ch\/?p=865997"},"modified":"2025-10-09T23:07:31","modified_gmt":"2025-10-09T21:07:31","slug":"chicago-anila-aliu-remporte-le-prix-principal-du-ccpa-concerto-competition","status":"publish","type":"post","link":"https:\/\/www.albinfo.ch\/fr\/chicago-anila-aliu-remporte-le-prix-principal-du-ccpa-concerto-competition\/","title":{"rendered":"Chicago: Anila Aliu remporte le prix principal du &#8221; CCPA Concerto Competition &#8220;."},"content":{"rendered":"<p data-start=\"0\" data-end=\"226\">La pianiste albanaise Anila Aliu a remport\u00e9 un nouveau succ\u00e8s sur la sc\u00e8ne internationale en d\u00e9crochant le premier prix du prestigieux concours &#8221; CCPA Concerto Competition &#8221; \u00e0 Chicago, rapporte albinfo.ch.<\/p>\n<p data-start=\"228\" data-end=\"419\">Dans cette comp\u00e9tition qui r\u00e9unit chaque ann\u00e9e des solistes de musique classique du monde entier, Anila s\u2019est distingu\u00e9e par son interpr\u00e9tation exceptionnelle et son haut niveau artistique.<\/p>\n<p data-start=\"421\" data-end=\"624\">Gr\u00e2ce \u00e0 ce triomphe, elle aura l\u2019honneur de se produire en soliste avec l\u2019Orchestre du CCPA, sous la direction du Maestro Dr. Benjamin Firer, lors d\u2019un concert qui aura lieu vendredi \u00e0 19h30 \u00e0 Chicago.<\/p>\n<p data-start=\"626\" data-end=\"860\">Il s\u2019agit d\u2019une \u00e9tape importante dans la carri\u00e8re de la pianiste albanaise, qui s\u2019affirme rapidement sur la sc\u00e8ne internationale, repr\u00e9sentant avec dignit\u00e9 la musique et le talent albanais face au public am\u00e9ricain. \/Albinfo.ch<\/p>\n","protected":false},"excerpt":{"rendered":"<p>Triomphe pour Anila Aliu, la pianiste albanaise qui a \u00e9merveill\u00e9 le jury.<\/p>\n","protected":false},"author":6,"featured_media":865826,"comment_status":"closed","ping_status":"closed","sticky":false,"template":"","format":"standard","meta":{"footnotes":""},"categories":[24637,24660,1164,24630,1168,1109],"tags":[],"vendi":[],"content_country":[31835,31838,31840],"class_list":["post-865997","post","type-post","status-publish","format-standard","has-post-thumbnail","hentry","category-nouvelles-fr-4","category-la-musique","category-integration-fr","category-nouvelles","category-culture","category-non-classifiee","content_country-austria-fr","content_country-germany-fr","content_country-zvicer-fr"],"acf":[],"_links":{"self":[{"href":"https:\/\/www.albinfo.ch\/fr\/wp-json\/wp\/v2\/posts\/865997","targetHints":{"allow":["GET"]}}],"collection":[{"href":"https:\/\/www.albinfo.ch\/fr\/wp-json\/wp\/v2\/posts"}],"about":[{"href":"https:\/\/www.albinfo.ch\/fr\/wp-json\/wp\/v2\/types\/post"}],"author":[{"embeddable":true,"href":"https:\/\/www.albinfo.ch\/fr\/wp-json\/wp\/v2\/users\/6"}],"replies":[{"embeddable":true,"href":"https:\/\/www.albinfo.ch\/fr\/wp-json\/wp\/v2\/comments?post=865997"}],"version-history":[{"count":2,"href":"https:\/\/www.albinfo.ch\/fr\/wp-json\/wp\/v2\/posts\/865997\/revisions"}],"predecessor-version":[{"id":866000,"href":"https:\/\/www.albinfo.ch\/fr\/wp-json\/wp\/v2\/posts\/865997\/revisions\/866000"}],"wp:featuredmedia":[{"embeddable":true,"href":"https:\/\/www.albinfo.ch\/fr\/wp-json\/wp\/v2\/media\/865826"}],"wp:attachment":[{"href":"https:\/\/www.albinfo.ch\/fr\/wp-json\/wp\/v2\/media?parent=865997"}],"wp:term":[{"taxonomy":"category","embeddable":true,"href":"https:\/\/www.albinfo.ch\/fr\/wp-json\/wp\/v2\/categories?post=865997"},{"taxonomy":"post_tag","embeddable":true,"href":"https:\/\/www.albinfo.ch\/fr\/wp-json\/wp\/v2\/tags?post=865997"},{"taxonomy":"vendi","embeddable":true,"href":"https:\/\/www.albinfo.ch\/fr\/wp-json\/wp\/v2\/vendi?post=865997"},{"taxonomy":"content_country","embeddable":true,"href":"https:\/\/www.albinfo.ch\/fr\/wp-json\/wp\/v2\/content_country?post=865997"}],"curies":[{"name":"wp","href":"https:\/\/api.w.org\/{rel}","templated":true}]}}