{"id":866229,"date":"2025-10-10T17:45:29","date_gmt":"2025-10-10T15:45:29","guid":{"rendered":"https:\/\/www.albinfo.ch\/?p=866229"},"modified":"2025-10-10T17:45:43","modified_gmt":"2025-10-10T15:45:43","slug":"voici-la-composition-probable-de-lequipe-face-a-la-serbie","status":"publish","type":"post","link":"https:\/\/www.albinfo.ch\/fr\/voici-la-composition-probable-de-lequipe-face-a-la-serbie\/","title":{"rendered":"Voici la composition probable de l\u2019\u00e9quipe face \u00e0 la Serbie"},"content":{"rendered":"<p data-start=\"0\" data-end=\"231\">L\u2019\u00e9quipe nationale albanaise a effectu\u00e9 son dernier entra\u00eenement \u00e0 Tirana avant le match crucial de samedi contre la Serbie, qui se jouera \u00e0 Leskovac dans le cadre des \u00e9liminatoires pour la Coupe du Monde 2026.<\/p>\n<p data-start=\"233\" data-end=\"451\">L\u2019entra\u00eeneur Sylvinho a travaill\u00e9 minutieusement sur les d\u00e9tails tactiques pendant la s\u00e9ance, testant diff\u00e9rents mouvements et combinaisons, tout en exigeant une concentration maximale de la part de tous les joueurs.<\/p>\n<p data-start=\"453\" data-end=\"645\">Comme \u00e0 son habitude, le technicien br\u00e9silien a m\u00e9lang\u00e9 les cartes pendant l\u2019entra\u00eenement afin de maintenir la motivation du groupe et de ne pas r\u00e9v\u00e9ler ses intentions finales pour le match.<\/p>\n<p data-start=\"647\" data-end=\"767\">En d\u00e9fense, aucune surprise n\u2019est attendue : Strakosha gardera les buts, prot\u00e9g\u00e9 par Hysaj, Ajeti, Gjimshiti et Mitaj.<\/p>\n<p data-start=\"769\" data-end=\"902\">Au milieu de terrain, Kristjan Asllani devrait d\u00e9buter aux c\u00f4t\u00e9s de Shehu, tandis que Qazim La\u00e7i \u00e9voluera dans un r\u00f4le plus avanc\u00e9.<\/p>\n<p data-start=\"904\" data-end=\"1200\">Les plus grandes incertitudes concernent l\u2019attaque. Armando Broja semble assur\u00e9 sur l\u2019aile droite, tandis qu\u2019Uzuni a gagn\u00e9 du terrain \u00e0 gauche, m\u00eame si Nedim Bajrami reste une alternative s\u00e9rieuse pour le onze de d\u00e9part. En pointe, Mirlind Daku et Rey Manaj se disputent une place de titulaire.<\/p>\n<p data-start=\"1202\" data-end=\"1359\">L\u2019\u00e9quipe nationale albanaise se rendra vendredi \u00e0 Ni\u0161, une ville situ\u00e9e \u00e0 environ 45 minutes de Leskovac, o\u00f9 se jouera le tr\u00e8s attendu duel de samedi soir.<\/p>\n","protected":false},"excerpt":{"rendered":"<p>L\u2019\u00e9quipe nationale albanaise part aujourd\u2019hui pour la Serbie, Silvinho pr\u00e9pare sa composition d\u2019\u00e9quipe<\/p>\n","protected":false},"author":6,"featured_media":866141,"comment_status":"closed","ping_status":"closed","sticky":false,"template":"","format":"standard","meta":{"footnotes":""},"categories":[24630,24671,1169,1109],"tags":[],"vendi":[],"content_country":[31835,31838,31840],"class_list":["post-866229","post","type-post","status-publish","format-standard","has-post-thumbnail","hentry","category-nouvelles","category-football","category-sport-fr","category-non-classifiee","content_country-austria-fr","content_country-germany-fr","content_country-zvicer-fr"],"acf":[],"_links":{"self":[{"href":"https:\/\/www.albinfo.ch\/fr\/wp-json\/wp\/v2\/posts\/866229","targetHints":{"allow":["GET"]}}],"collection":[{"href":"https:\/\/www.albinfo.ch\/fr\/wp-json\/wp\/v2\/posts"}],"about":[{"href":"https:\/\/www.albinfo.ch\/fr\/wp-json\/wp\/v2\/types\/post"}],"author":[{"embeddable":true,"href":"https:\/\/www.albinfo.ch\/fr\/wp-json\/wp\/v2\/users\/6"}],"replies":[{"embeddable":true,"href":"https:\/\/www.albinfo.ch\/fr\/wp-json\/wp\/v2\/comments?post=866229"}],"version-history":[{"count":1,"href":"https:\/\/www.albinfo.ch\/fr\/wp-json\/wp\/v2\/posts\/866229\/revisions"}],"predecessor-version":[{"id":866230,"href":"https:\/\/www.albinfo.ch\/fr\/wp-json\/wp\/v2\/posts\/866229\/revisions\/866230"}],"wp:featuredmedia":[{"embeddable":true,"href":"https:\/\/www.albinfo.ch\/fr\/wp-json\/wp\/v2\/media\/866141"}],"wp:attachment":[{"href":"https:\/\/www.albinfo.ch\/fr\/wp-json\/wp\/v2\/media?parent=866229"}],"wp:term":[{"taxonomy":"category","embeddable":true,"href":"https:\/\/www.albinfo.ch\/fr\/wp-json\/wp\/v2\/categories?post=866229"},{"taxonomy":"post_tag","embeddable":true,"href":"https:\/\/www.albinfo.ch\/fr\/wp-json\/wp\/v2\/tags?post=866229"},{"taxonomy":"vendi","embeddable":true,"href":"https:\/\/www.albinfo.ch\/fr\/wp-json\/wp\/v2\/vendi?post=866229"},{"taxonomy":"content_country","embeddable":true,"href":"https:\/\/www.albinfo.ch\/fr\/wp-json\/wp\/v2\/content_country?post=866229"}],"curies":[{"name":"wp","href":"https:\/\/api.w.org\/{rel}","templated":true}]}}