{"id":866887,"date":"2025-10-13T16:50:24","date_gmt":"2025-10-13T14:50:24","guid":{"rendered":"https:\/\/www.albinfo.ch\/?p=866887"},"modified":"2025-10-13T16:51:52","modified_gmt":"2025-10-13T14:51:52","slug":"lalbanie-18e-au-monde-pour-la-cybersecurite","status":"publish","type":"post","link":"https:\/\/www.albinfo.ch\/fr\/lalbanie-18e-au-monde-pour-la-cybersecurite\/","title":{"rendered":"L\u2019Albanie, 18e au monde pour la cybers\u00e9curit\u00e9"},"content":{"rendered":"<p data-start=\"0\" data-end=\"210\">Le Premier ministre albanais, Edi Rama, a d\u00e9clar\u00e9 aujourd\u2019hui que l\u2019Albanie a r\u00e9alis\u00e9 une avanc\u00e9e exceptionnelle dans le domaine de la cybers\u00e9curit\u00e9, en se classant \u00e0 la 18e place mondiale.<\/p>\n<p data-start=\"212\" data-end=\"385\">Lors de son podcast <em data-start=\"232\" data-end=\"240\">Flasim<\/em>, Rama a expliqu\u00e9 que l\u2019Albanie a obtenu 85 points selon le <em data-start=\"300\" data-end=\"331\">Cyber National Security Index<\/em>, progressant ainsi de 36 places par rapport \u00e0 2023.<\/p>\n<p data-start=\"387\" data-end=\"973\">&#8221; Ce r\u00e9sultat repr\u00e9sente une progression de 36 places par rapport \u00e0 2023, lorsque notre pays occupait la 54e position avec 62,34 points. En deux ans, nous avons d\u00e9pass\u00e9 des dizaines de grands \u00c9tats ayant une longue tradition dans ce domaine, devenant ainsi l\u2019une des histoires de r\u00e9ussite les plus impressionnantes de la cybers\u00e9curit\u00e9 mondiale. Tout cela gr\u00e2ce \u00e0 une r\u00e9ponse \u00e0 360 degr\u00e9s face \u00e0 une attaque cybern\u00e9tique extr\u00eamement dangereuse men\u00e9e contre notre infrastructure num\u00e9rique par un grand \u00c9tat connu pour son terrorisme cybern\u00e9tique &#8220;, a soulign\u00e9 Rama, rapporte albinfo.ch.<\/p>\n<p data-start=\"975\" data-end=\"1319\">Le <em data-start=\"978\" data-end=\"1016\">National Cyber Security Index (NCSI)<\/em> est un indice international qui mesure le niveau de pr\u00e9paration des pays \u00e0 pr\u00e9venir les menaces et \u00e0 g\u00e9rer les incidents cybern\u00e9tiques. Il est d\u00e9velopp\u00e9 par l\u2019<em data-start=\"1176\" data-end=\"1204\">E-Governance Academy (EGA)<\/em> en Estonie, une organisation mondialement reconnue pour son expertise en gouvernance num\u00e9rique et cybers\u00e9curit\u00e9.<\/p>\n<p data-start=\"1321\" data-end=\"1587\">L\u2019indice couvre 112 pays et \u00e9value plus de 40 indicateurs portant sur le cadre juridique et institutionnel, la protection des services critiques et des donn\u00e9es personnelles, les capacit\u00e9s de r\u00e9action et de gestion de crise, ainsi que la coop\u00e9ration internationale.<\/p>\n","protected":false},"excerpt":{"rendered":"<p>L\u2019Albanie a r\u00e9alis\u00e9 une performance remarquable en se classant avec 85 points selon l\u2019indice Cyber National Security Index, gagnant ainsi 36 places par rapport \u00e0 l\u2019ann\u00e9e 2023.<\/p>\n","protected":false},"author":6,"featured_media":653819,"comment_status":"closed","ping_status":"closed","sticky":false,"template":"","format":"standard","meta":{"footnotes":""},"categories":[3943,1159,1109],"tags":[],"vendi":[],"content_country":[31835,31838,31840],"class_list":["post-866887","post","type-post","status-publish","format-standard","has-post-thumbnail","hentry","category-shqiperia-fr","category-ch-balkans","category-non-classifiee","content_country-austria-fr","content_country-germany-fr","content_country-zvicer-fr"],"acf":[],"_links":{"self":[{"href":"https:\/\/www.albinfo.ch\/fr\/wp-json\/wp\/v2\/posts\/866887","targetHints":{"allow":["GET"]}}],"collection":[{"href":"https:\/\/www.albinfo.ch\/fr\/wp-json\/wp\/v2\/posts"}],"about":[{"href":"https:\/\/www.albinfo.ch\/fr\/wp-json\/wp\/v2\/types\/post"}],"author":[{"embeddable":true,"href":"https:\/\/www.albinfo.ch\/fr\/wp-json\/wp\/v2\/users\/6"}],"replies":[{"embeddable":true,"href":"https:\/\/www.albinfo.ch\/fr\/wp-json\/wp\/v2\/comments?post=866887"}],"version-history":[{"count":1,"href":"https:\/\/www.albinfo.ch\/fr\/wp-json\/wp\/v2\/posts\/866887\/revisions"}],"predecessor-version":[{"id":866888,"href":"https:\/\/www.albinfo.ch\/fr\/wp-json\/wp\/v2\/posts\/866887\/revisions\/866888"}],"wp:featuredmedia":[{"embeddable":true,"href":"https:\/\/www.albinfo.ch\/fr\/wp-json\/wp\/v2\/media\/653819"}],"wp:attachment":[{"href":"https:\/\/www.albinfo.ch\/fr\/wp-json\/wp\/v2\/media?parent=866887"}],"wp:term":[{"taxonomy":"category","embeddable":true,"href":"https:\/\/www.albinfo.ch\/fr\/wp-json\/wp\/v2\/categories?post=866887"},{"taxonomy":"post_tag","embeddable":true,"href":"https:\/\/www.albinfo.ch\/fr\/wp-json\/wp\/v2\/tags?post=866887"},{"taxonomy":"vendi","embeddable":true,"href":"https:\/\/www.albinfo.ch\/fr\/wp-json\/wp\/v2\/vendi?post=866887"},{"taxonomy":"content_country","embeddable":true,"href":"https:\/\/www.albinfo.ch\/fr\/wp-json\/wp\/v2\/content_country?post=866887"}],"curies":[{"name":"wp","href":"https:\/\/api.w.org\/{rel}","templated":true}]}}