{"id":868062,"date":"2025-10-17T19:16:05","date_gmt":"2025-10-17T17:16:05","guid":{"rendered":"https:\/\/www.albinfo.ch\/?p=868062"},"modified":"2025-10-17T19:16:35","modified_gmt":"2025-10-17T17:16:35","slug":"behar-neziri-le-talent-albanais-qui-reve-de-retourner-au-bayern","status":"publish","type":"post","link":"https:\/\/www.albinfo.ch\/fr\/behar-neziri-le-talent-albanais-qui-reve-de-retourner-au-bayern\/","title":{"rendered":"Behar Neziri, le talent albanais qui r\u00eave de retourner au Bayern"},"content":{"rendered":"<p data-start=\"0\" data-end=\"182\">Le milieu de terrain de 22 ans, Behar Neziri, form\u00e9 \u00e0 l\u2019acad\u00e9mie du Bayern Munich, brille actuellement avec St. Gallen en Super League suisse, rapporte albinfo.ch.<\/p>\n<p data-start=\"184\" data-end=\"419\">Neziri a disput\u00e9 les huit matchs de cette saison, impressionnant d\u00e8s ses d\u00e9buts avec la victoire 2-1 contre B\u00e2le. Il affirme avoir attendu longtemps ce moment, apr\u00e8s deux ann\u00e9es difficiles marqu\u00e9es par des blessures et un pr\u00eat \u00e0 Wil.<\/p>\n<p data-start=\"421\" data-end=\"641\">&#8221; J\u2019ai voulu le maillot de Shaqiri, mais il \u00e9tait r\u00e9serv\u00e9. Peut-\u00eatre la prochaine fois &#8220;, a-t-il confi\u00e9 \u00e0 Blick. Shaqiri reste l\u2019un de ses idoles, les deux partageant un pass\u00e9 commun au Bayern et des racines kosovares.<\/p>\n<p data-start=\"643\" data-end=\"846\">Neziri a rejoint le Bayern en 2016 en provenance d\u2019Augsbourg, o\u00f9 il avait jou\u00e9 pour les \u00e9quipes de jeunes et la r\u00e9serve. En 2023, il a rejoint St. Gallen U21 avant d\u2019int\u00e9grer l\u2019\u00e9quipe premi\u00e8re cet \u00e9t\u00e9.<\/p>\n<p data-start=\"848\" data-end=\"1031\">L\u2019entra\u00eeneur Enrico Maasen le f\u00e9licite pour son intelligence tactique et son attention envers ses co\u00e9quipiers, tandis que le club le consid\u00e8re comme un exemple de professionnalisme.<\/p>\n<p data-start=\"1033\" data-end=\"1302\">&#8221; J\u2019ai d\u00e9j\u00e0 jou\u00e9 avec Musiala et Pavlovi\u0107. Je peux m\u2019imaginer le refaire, mais cette fois avec l\u2019\u00e9quipe premi\u00e8re du Bayern &#8220;, d\u00e9clare avec ambition Neziri, qui a d\u00e9j\u00e0 repr\u00e9sent\u00e9 le Kosovo U16, U19 et U21, et figurait sur la liste \u00e9largie pour les matchs de septembre.<\/p>\n","protected":false},"excerpt":{"rendered":"<p>Le jeune talent kosovar de St. Gallen r\u00eave de porter le maillot du Bayern<\/p>\n","protected":false},"author":6,"featured_media":867868,"comment_status":"closed","ping_status":"closed","sticky":false,"template":"","format":"standard","meta":{"footnotes":""},"categories":[24630,24671,1169,1109],"tags":[],"vendi":[],"content_country":[31835,31838,31840],"class_list":["post-868062","post","type-post","status-publish","format-standard","has-post-thumbnail","hentry","category-nouvelles","category-football","category-sport-fr","category-non-classifiee","content_country-austria-fr","content_country-germany-fr","content_country-zvicer-fr"],"acf":[],"_links":{"self":[{"href":"https:\/\/www.albinfo.ch\/fr\/wp-json\/wp\/v2\/posts\/868062","targetHints":{"allow":["GET"]}}],"collection":[{"href":"https:\/\/www.albinfo.ch\/fr\/wp-json\/wp\/v2\/posts"}],"about":[{"href":"https:\/\/www.albinfo.ch\/fr\/wp-json\/wp\/v2\/types\/post"}],"author":[{"embeddable":true,"href":"https:\/\/www.albinfo.ch\/fr\/wp-json\/wp\/v2\/users\/6"}],"replies":[{"embeddable":true,"href":"https:\/\/www.albinfo.ch\/fr\/wp-json\/wp\/v2\/comments?post=868062"}],"version-history":[{"count":1,"href":"https:\/\/www.albinfo.ch\/fr\/wp-json\/wp\/v2\/posts\/868062\/revisions"}],"predecessor-version":[{"id":868063,"href":"https:\/\/www.albinfo.ch\/fr\/wp-json\/wp\/v2\/posts\/868062\/revisions\/868063"}],"wp:featuredmedia":[{"embeddable":true,"href":"https:\/\/www.albinfo.ch\/fr\/wp-json\/wp\/v2\/media\/867868"}],"wp:attachment":[{"href":"https:\/\/www.albinfo.ch\/fr\/wp-json\/wp\/v2\/media?parent=868062"}],"wp:term":[{"taxonomy":"category","embeddable":true,"href":"https:\/\/www.albinfo.ch\/fr\/wp-json\/wp\/v2\/categories?post=868062"},{"taxonomy":"post_tag","embeddable":true,"href":"https:\/\/www.albinfo.ch\/fr\/wp-json\/wp\/v2\/tags?post=868062"},{"taxonomy":"vendi","embeddable":true,"href":"https:\/\/www.albinfo.ch\/fr\/wp-json\/wp\/v2\/vendi?post=868062"},{"taxonomy":"content_country","embeddable":true,"href":"https:\/\/www.albinfo.ch\/fr\/wp-json\/wp\/v2\/content_country?post=868062"}],"curies":[{"name":"wp","href":"https:\/\/api.w.org\/{rel}","templated":true}]}}