{"id":868500,"date":"2025-10-19T21:51:22","date_gmt":"2025-10-19T19:51:22","guid":{"rendered":"https:\/\/www.albinfo.ch\/?p=868500"},"modified":"2025-10-19T21:52:00","modified_gmt":"2025-10-19T19:52:00","slug":"motards-albanais-a-la-haye-en-soutien-aux-anciens-dirigeants-de-luck","status":"publish","type":"post","link":"https:\/\/www.albinfo.ch\/fr\/motards-albanais-a-la-haye-en-soutien-aux-anciens-dirigeants-de-luck\/","title":{"rendered":"Motards albanais \u00e0 La Haye en soutien aux anciens dirigeants de l\u2019U\u00c7K"},"content":{"rendered":"<p data-start=\"0\" data-end=\"171\">Apr\u00e8s quatre jours de voyage, les motards albanais sont arriv\u00e9s \u00e0 La Haye pour soutenir les anciens dirigeants de l\u2019Arm\u00e9e de lib\u00e9ration du Kosovo (U\u00c7K).<\/p>\n<p data-start=\"173\" data-end=\"384\">Leur trajet et leur arriv\u00e9e \u00e0 La Haye visent \u00e0 lancer un appel pour la justice dans le proc\u00e8s en cours, actuellement dans la phase de pr\u00e9sentation des preuves et des t\u00e9moins de la d\u00e9fense, rapporte albinfo.ch.<\/p>\n<p data-start=\"386\" data-end=\"549\">Cette initiative, port\u00e9e par la plateforme &#8221; Liria ka Em\u00ebr &#8221; (&#8221; La libert\u00e9 a un nom &#8220;), r\u00e9unit un grand nombre de participants venus du Kosovo et de la diaspora.<\/p>\n","protected":false},"excerpt":{"rendered":"<p>Apr\u00e8s quatre jours de voyage, les motards albanais sont arriv\u00e9s \u00e0 La Haye pour soutenir les anciens dirigeants de l\u2019Arm\u00e9e de lib\u00e9ration du Kosovo (U\u00c7K). Leur trajet et leur arriv\u00e9e \u00e0 La Haye visent \u00e0 lancer un appel pour la justice dans le proc\u00e8s en cours, actuellement dans la phase de pr\u00e9sentation des preuves et [&hellip;]<\/p>\n","protected":false},"author":6,"featured_media":868433,"comment_status":"closed","ping_status":"closed","sticky":false,"template":"","format":"standard","meta":{"footnotes":""},"categories":[33083,23271,23277,24620,24634,1109],"tags":[],"vendi":[],"content_country":[31835,31838,31840],"class_list":["post-868500","post","type-post","status-publish","format-standard","has-post-thumbnail","hentry","category-de-balkani-fr","category-kosovo","category-news-fr","category-kosova-fr-2","category-nouvelles-fr-3","category-non-classifiee","content_country-austria-fr","content_country-germany-fr","content_country-zvicer-fr"],"acf":[],"_links":{"self":[{"href":"https:\/\/www.albinfo.ch\/fr\/wp-json\/wp\/v2\/posts\/868500","targetHints":{"allow":["GET"]}}],"collection":[{"href":"https:\/\/www.albinfo.ch\/fr\/wp-json\/wp\/v2\/posts"}],"about":[{"href":"https:\/\/www.albinfo.ch\/fr\/wp-json\/wp\/v2\/types\/post"}],"author":[{"embeddable":true,"href":"https:\/\/www.albinfo.ch\/fr\/wp-json\/wp\/v2\/users\/6"}],"replies":[{"embeddable":true,"href":"https:\/\/www.albinfo.ch\/fr\/wp-json\/wp\/v2\/comments?post=868500"}],"version-history":[{"count":1,"href":"https:\/\/www.albinfo.ch\/fr\/wp-json\/wp\/v2\/posts\/868500\/revisions"}],"predecessor-version":[{"id":868501,"href":"https:\/\/www.albinfo.ch\/fr\/wp-json\/wp\/v2\/posts\/868500\/revisions\/868501"}],"wp:featuredmedia":[{"embeddable":true,"href":"https:\/\/www.albinfo.ch\/fr\/wp-json\/wp\/v2\/media\/868433"}],"wp:attachment":[{"href":"https:\/\/www.albinfo.ch\/fr\/wp-json\/wp\/v2\/media?parent=868500"}],"wp:term":[{"taxonomy":"category","embeddable":true,"href":"https:\/\/www.albinfo.ch\/fr\/wp-json\/wp\/v2\/categories?post=868500"},{"taxonomy":"post_tag","embeddable":true,"href":"https:\/\/www.albinfo.ch\/fr\/wp-json\/wp\/v2\/tags?post=868500"},{"taxonomy":"vendi","embeddable":true,"href":"https:\/\/www.albinfo.ch\/fr\/wp-json\/wp\/v2\/vendi?post=868500"},{"taxonomy":"content_country","embeddable":true,"href":"https:\/\/www.albinfo.ch\/fr\/wp-json\/wp\/v2\/content_country?post=868500"}],"curies":[{"name":"wp","href":"https:\/\/api.w.org\/{rel}","templated":true}]}}