{"id":868517,"date":"2025-10-19T22:23:54","date_gmt":"2025-10-19T20:23:54","guid":{"rendered":"https:\/\/www.albinfo.ch\/?p=868517"},"modified":"2025-10-19T22:24:17","modified_gmt":"2025-10-19T20:24:17","slug":"rose-pour-la-vie-bashkimi-fit-unit-lenergie-la-sante-et-la-solidarite-des-femmes-albanaises","status":"publish","type":"post","link":"https:\/\/www.albinfo.ch\/fr\/rose-pour-la-vie-bashkimi-fit-unit-lenergie-la-sante-et-la-solidarite-des-femmes-albanaises\/","title":{"rendered":"Rose pour la Vie &#8211;  &#8221; Bashkimi Fit &#8221; unit l\u2019\u00e9nergie, la sant\u00e9 et la solidarit\u00e9 des femmes albanaises"},"content":{"rendered":"<p>Dans le cadre d\u2019Octobre Rose, le mois de sensibilisation \u00e0 la lutte contre le cancer du sein, le programme &#8221; Bashkimi Fit &#8220;, cr\u00e9\u00e9 par l\u2019Association culturelle albanaise &#8221; Bashkimi &#8220;, s\u2019est joint \u00e0 la campagne mondiale de sensibilisation en adoptant le logo de couleur rose\u00a0 symbole universel de force, de bienveillance et d\u2019espoir pour les femmes.<\/p>\n<p><a href=\"https:\/\/www.albinfo.ch\/wp-content\/uploads\/2025\/10\/roze-berne.jpg\"><img loading=\"lazy\" decoding=\"async\" class=\"alignnone wp-image-868459\" src=\"https:\/\/www.albinfo.ch\/wp-content\/uploads\/2025\/10\/roze-berne.jpg\" alt=\"\" width=\"450\" height=\"600\" srcset=\"https:\/\/www.albinfo.ch\/wp-content\/uploads\/2025\/10\/roze-berne.jpg 1530w, https:\/\/www.albinfo.ch\/wp-content\/uploads\/2025\/10\/roze-berne-225x300.jpg 225w, https:\/\/www.albinfo.ch\/wp-content\/uploads\/2025\/10\/roze-berne-768x1024.jpg 768w, https:\/\/www.albinfo.ch\/wp-content\/uploads\/2025\/10\/roze-berne-1152x1536.jpg 1152w, https:\/\/www.albinfo.ch\/wp-content\/uploads\/2025\/10\/roze-berne-297x396.jpg 297w, https:\/\/www.albinfo.ch\/wp-content\/uploads\/2025\/10\/roze-berne-75x100.jpg 75w, https:\/\/www.albinfo.ch\/wp-content\/uploads\/2025\/10\/roze-berne-131x175.jpg 131w\" sizes=\"auto, (max-width: 450px) 100vw, 450px\" \/><\/a><\/p>\n<p data-start=\"0\" data-end=\"330\">Ce programme, qui combine activit\u00e9 physique, musique et danse albanaise, vise \u00e0 promouvoir un mode de vie sain, une \u00e9nergie positive et un esprit de communaut\u00e9 entre les femmes albanaises, tout en transmettant un message fort: prendre soin de son corps et de sa sant\u00e9 est aussi un acte d\u2019amour envers soi-m\u00eame.<\/p>\n<p data-start=\"332\" data-end=\"696\">Lors de l\u2019activit\u00e9 organis\u00e9e dans le cadre de ce mois symbolique, les participantes de &#8221; Bashkimi Fit &#8221; se sont r\u00e9unies v\u00eatues de t-shirts roses\u00a0 une couleur qui incarne le soutien \u00e0 toutes les femmes qui luttent contre le cancer du sein. Le nouveau logo, &#8221; Bashkimi Fit pour la Vie &#8220;, a \u00e9t\u00e9 pr\u00e9sent\u00e9 comme un appel \u00e0 l\u2019unit\u00e9, \u00e0 la force et \u00e0 l\u2019amour de la vie.<\/p>\n<p data-start=\"698\" data-end=\"875\">L\u2019atmosph\u00e8re est toujours anim\u00e9e par la musique et les chants albanais, ainsi que par les danses traditionnelles qui apportent l\u2019esprit de notre culture partout o\u00f9 elles vont.<\/p>\n<p><a href=\"https:\/\/www.albinfo.ch\/wp-content\/uploads\/2025\/10\/roze-bashkimi.jpg\"><img loading=\"lazy\" decoding=\"async\" class=\"alignnone wp-image-868456\" src=\"https:\/\/www.albinfo.ch\/wp-content\/uploads\/2025\/10\/roze-bashkimi.jpg\" alt=\"\" width=\"450\" height=\"600\" srcset=\"https:\/\/www.albinfo.ch\/wp-content\/uploads\/2025\/10\/roze-bashkimi.jpg 1530w, https:\/\/www.albinfo.ch\/wp-content\/uploads\/2025\/10\/roze-bashkimi-225x300.jpg 225w, https:\/\/www.albinfo.ch\/wp-content\/uploads\/2025\/10\/roze-bashkimi-768x1024.jpg 768w, https:\/\/www.albinfo.ch\/wp-content\/uploads\/2025\/10\/roze-bashkimi-1152x1536.jpg 1152w, https:\/\/www.albinfo.ch\/wp-content\/uploads\/2025\/10\/roze-bashkimi-297x396.jpg 297w, https:\/\/www.albinfo.ch\/wp-content\/uploads\/2025\/10\/roze-bashkimi-75x100.jpg 75w, https:\/\/www.albinfo.ch\/wp-content\/uploads\/2025\/10\/roze-bashkimi-131x175.jpg 131w\" sizes=\"auto, (max-width: 450px) 100vw, 450px\" \/><\/a><\/p>\n<p data-start=\"0\" data-end=\"285\">\u00c0 travers cette activit\u00e9, les femmes de l\u2019Association &#8221; Bashkimi &#8221; renforcent non seulement leurs liens et leur communaut\u00e9, mais contribuent \u00e9galement \u00e0 sensibiliser sur l\u2019importance du d\u00e9pistage pr\u00e9coce, de la pr\u00e9vention et du suivi r\u00e9gulier de la sant\u00e9 des femmes.<\/p>\n<p data-start=\"287\" data-end=\"483\">Octobre Rose chez &#8221; Bashkimi Fit &#8220;, au-del\u00e0 de sa symbolique, est un rappel permanent que l\u2019unit\u00e9, le sport, la positivit\u00e9 et une mentalit\u00e9 saine sont des forces vitales qui maintiennent la vie.<\/p>\n<p data-start=\"485\" data-end=\"924\">Cette activit\u00e9, organis\u00e9e par l\u2019Association culturelle albanaise &#8221; Bashkimi &#8221; sous la direction de sa pr\u00e9sidente Arbenita Surdulli, en collaboration avec la Commission des femmes dirig\u00e9e par Hamide Avdiaj et avec la participation des responsables du programme Teuta Kryeziu et Dr Alida Ramaj, repr\u00e9sente l\u2019engagement constant de l\u2019association pour la promotion du bien-\u00eatre, de la conscience et de la solidarit\u00e9 au sein de la communaut\u00e9.<\/p>\n","protected":false},"excerpt":{"rendered":"<p>Lors de l\u2019activit\u00e9 organis\u00e9e dans le cadre de ce mois symbolique, les participantes de &#8221; Bashkimi Fit &#8221; se sont r\u00e9unies v\u00eatues de t-shirts roses.<\/p>\n","protected":false},"author":6,"featured_media":868466,"comment_status":"closed","ping_status":"closed","sticky":false,"template":"","format":"standard","meta":{"footnotes":""},"categories":[33332,24637,1164,1165,24630,1109],"tags":[],"vendi":[31854],"content_country":[31835,31838,31840],"class_list":["post-868517","post","type-post","status-publish","format-standard","has-post-thumbnail","hentry","category-associations","category-nouvelles-fr-4","category-integration-fr","category-femmes","category-nouvelles","category-non-classifiee","vendi-berne","content_country-austria-fr","content_country-germany-fr","content_country-zvicer-fr"],"acf":[],"_links":{"self":[{"href":"https:\/\/www.albinfo.ch\/fr\/wp-json\/wp\/v2\/posts\/868517","targetHints":{"allow":["GET"]}}],"collection":[{"href":"https:\/\/www.albinfo.ch\/fr\/wp-json\/wp\/v2\/posts"}],"about":[{"href":"https:\/\/www.albinfo.ch\/fr\/wp-json\/wp\/v2\/types\/post"}],"author":[{"embeddable":true,"href":"https:\/\/www.albinfo.ch\/fr\/wp-json\/wp\/v2\/users\/6"}],"replies":[{"embeddable":true,"href":"https:\/\/www.albinfo.ch\/fr\/wp-json\/wp\/v2\/comments?post=868517"}],"version-history":[{"count":1,"href":"https:\/\/www.albinfo.ch\/fr\/wp-json\/wp\/v2\/posts\/868517\/revisions"}],"predecessor-version":[{"id":868518,"href":"https:\/\/www.albinfo.ch\/fr\/wp-json\/wp\/v2\/posts\/868517\/revisions\/868518"}],"wp:featuredmedia":[{"embeddable":true,"href":"https:\/\/www.albinfo.ch\/fr\/wp-json\/wp\/v2\/media\/868466"}],"wp:attachment":[{"href":"https:\/\/www.albinfo.ch\/fr\/wp-json\/wp\/v2\/media?parent=868517"}],"wp:term":[{"taxonomy":"category","embeddable":true,"href":"https:\/\/www.albinfo.ch\/fr\/wp-json\/wp\/v2\/categories?post=868517"},{"taxonomy":"post_tag","embeddable":true,"href":"https:\/\/www.albinfo.ch\/fr\/wp-json\/wp\/v2\/tags?post=868517"},{"taxonomy":"vendi","embeddable":true,"href":"https:\/\/www.albinfo.ch\/fr\/wp-json\/wp\/v2\/vendi?post=868517"},{"taxonomy":"content_country","embeddable":true,"href":"https:\/\/www.albinfo.ch\/fr\/wp-json\/wp\/v2\/content_country?post=868517"}],"curies":[{"name":"wp","href":"https:\/\/api.w.org\/{rel}","templated":true}]}}