{"id":868530,"date":"2025-10-19T22:38:41","date_gmt":"2025-10-19T20:38:41","guid":{"rendered":"https:\/\/www.albinfo.ch\/?p=868530"},"modified":"2025-10-19T22:39:51","modified_gmt":"2025-10-19T20:39:51","slug":"macedoine-le-vote-pour-les-elections-locales-est-termine-les-premiers-resultats-sont-attendus-ce-soir","status":"publish","type":"post","link":"https:\/\/www.albinfo.ch\/fr\/macedoine-le-vote-pour-les-elections-locales-est-termine-les-premiers-resultats-sont-attendus-ce-soir\/","title":{"rendered":"Mac\u00e9doine: le vote pour les \u00e9lections locales est termin\u00e9, les premiers r\u00e9sultats sont attendus ce soir"},"content":{"rendered":"<p data-start=\"0\" data-end=\"290\">Le processus de vote pour les \u00e9lections locales en Mac\u00e9doine du Nord s\u2019est termin\u00e9 ce soir \u00e0 19h00. Tous les bureaux de vote du pays ont \u00e9t\u00e9 ferm\u00e9s et le d\u00e9pouillement a commenc\u00e9 imm\u00e9diatement apr\u00e8s la cl\u00f4ture des urnes. Le taux de participation \u00e0 18h30 \u00e9tait de 46,65 %.<\/p>\n<p data-start=\"292\" data-end=\"503\">Selon la Commission \u00e9lectorale d\u2019\u00c9tat, les premiers r\u00e9sultats non officiels devraient \u00eatre publi\u00e9s dans la soir\u00e9e. Le d\u00e9lai l\u00e9gal pour l\u2019annonce des premiers r\u00e9sultats est de 12 heures apr\u00e8s la fin du scrutin.<\/p>\n<p data-start=\"505\" data-end=\"791\">Si aucun candidat \u00e0 la mairie n\u2019obtient la majorit\u00e9 requise au premier tour, un second tour aura lieu le 2 novembre. En revanche, les conseillers municipaux sont \u00e9lus d\u00e8s ce premier tour, sur la base du mod\u00e8le proportionnel et selon la formule D\u2019Hondt pour la r\u00e9partition des mandats.<\/p>\n<p data-start=\"793\" data-end=\"984\">La campagne pour le second tour se d\u00e9roulera du 20 au 30 octobre, tandis que les r\u00e9sultats d\u00e9finitifs seront d\u00e9termin\u00e9s dans les communes o\u00f9 aucun vainqueur ne sera d\u00e9sign\u00e9 au premier tour.<\/p>\n","protected":false},"excerpt":{"rendered":"<p>Le processus de vote pour les \u00e9lections locales en Mac\u00e9doine du Nord s\u2019est termin\u00e9 ce soir \u00e0 19h00. Tous les bureaux de vote du pays ont \u00e9t\u00e9 ferm\u00e9s et le d\u00e9pouillement a commenc\u00e9 imm\u00e9diatement apr\u00e8s la cl\u00f4ture des urnes. Le taux de participation \u00e0 18h30 \u00e9tait de 46,65 %. Selon la Commission \u00e9lectorale d\u2019\u00c9tat, les [&hellip;]<\/p>\n","protected":false},"author":6,"featured_media":868403,"comment_status":"closed","ping_status":"closed","sticky":false,"template":"","format":"standard","meta":{"footnotes":""},"categories":[33083,23273,23277,24624,24634,1109],"tags":[],"vendi":[],"content_country":[31835,31838,31840],"class_list":["post-868530","post","type-post","status-publish","format-standard","has-post-thumbnail","hentry","category-de-balkani-fr","category-macedoine-du-nord","category-news-fr","category-macedoine-du-nord-fr","category-nouvelles-fr-3","category-non-classifiee","content_country-austria-fr","content_country-germany-fr","content_country-zvicer-fr"],"acf":[],"_links":{"self":[{"href":"https:\/\/www.albinfo.ch\/fr\/wp-json\/wp\/v2\/posts\/868530","targetHints":{"allow":["GET"]}}],"collection":[{"href":"https:\/\/www.albinfo.ch\/fr\/wp-json\/wp\/v2\/posts"}],"about":[{"href":"https:\/\/www.albinfo.ch\/fr\/wp-json\/wp\/v2\/types\/post"}],"author":[{"embeddable":true,"href":"https:\/\/www.albinfo.ch\/fr\/wp-json\/wp\/v2\/users\/6"}],"replies":[{"embeddable":true,"href":"https:\/\/www.albinfo.ch\/fr\/wp-json\/wp\/v2\/comments?post=868530"}],"version-history":[{"count":2,"href":"https:\/\/www.albinfo.ch\/fr\/wp-json\/wp\/v2\/posts\/868530\/revisions"}],"predecessor-version":[{"id":868532,"href":"https:\/\/www.albinfo.ch\/fr\/wp-json\/wp\/v2\/posts\/868530\/revisions\/868532"}],"wp:featuredmedia":[{"embeddable":true,"href":"https:\/\/www.albinfo.ch\/fr\/wp-json\/wp\/v2\/media\/868403"}],"wp:attachment":[{"href":"https:\/\/www.albinfo.ch\/fr\/wp-json\/wp\/v2\/media?parent=868530"}],"wp:term":[{"taxonomy":"category","embeddable":true,"href":"https:\/\/www.albinfo.ch\/fr\/wp-json\/wp\/v2\/categories?post=868530"},{"taxonomy":"post_tag","embeddable":true,"href":"https:\/\/www.albinfo.ch\/fr\/wp-json\/wp\/v2\/tags?post=868530"},{"taxonomy":"vendi","embeddable":true,"href":"https:\/\/www.albinfo.ch\/fr\/wp-json\/wp\/v2\/vendi?post=868530"},{"taxonomy":"content_country","embeddable":true,"href":"https:\/\/www.albinfo.ch\/fr\/wp-json\/wp\/v2\/content_country?post=868530"}],"curies":[{"name":"wp","href":"https:\/\/api.w.org\/{rel}","templated":true}]}}