{"id":868696,"date":"2025-10-20T21:51:38","date_gmt":"2025-10-20T19:51:38","guid":{"rendered":"https:\/\/www.albinfo.ch\/?p=868696"},"modified":"2025-10-20T21:53:41","modified_gmt":"2025-10-20T19:53:41","slug":"demain-le-kosovo-sera-au-centre-des-discussions-du-conseil-de-securite-des-nations-unies","status":"publish","type":"post","link":"https:\/\/www.albinfo.ch\/fr\/demain-le-kosovo-sera-au-centre-des-discussions-du-conseil-de-securite-des-nations-unies\/","title":{"rendered":"Demain, le Kosovo sera au centre des discussions du Conseil de s\u00e9curit\u00e9 des Nations Unies."},"content":{"rendered":"<p data-start=\"0\" data-end=\"168\">Le Conseil de s\u00e9curit\u00e9 des Nations Unies se r\u00e9unira demain pour la deuxi\u00e8me s\u00e9ance d\u2019information r\u00e9guli\u00e8re de cette ann\u00e9e sur la situation au Kosovo.<\/p>\n<p data-start=\"170\" data-end=\"529\">Le Repr\u00e9sentant sp\u00e9cial adjoint et Chef de mission par int\u00e9rim de la Mission d\u2019administration int\u00e9rimaire des Nations Unies au Kosovo (MINUK), Milbert Dongjoon Shin, devrait pr\u00e9senter le dernier rapport du Secr\u00e9taire g\u00e9n\u00e9ral sur la MINUK, distribu\u00e9 aux membres du Conseil le 10 octobre et couvrant la p\u00e9riode du 16 mars au 15 septembre, rapporte albinfo.ch.<\/p>\n<p data-start=\"531\" data-end=\"785\">Le Kosovo et l\u2019Union europ\u00e9enne (UE) devraient participer conform\u00e9ment \u00e0 la r\u00e8gle 39, tandis que Shin mettra en \u00e9vidence les principaux d\u00e9veloppements politiques et s\u00e9curitaires au Kosovo durant la p\u00e9riode couverte par le rapport du Secr\u00e9taire g\u00e9n\u00e9ral.<\/p>\n","protected":false},"excerpt":{"rendered":"<p>Le Conseil de s\u00e9curit\u00e9 des Nations Unies se r\u00e9unira demain pour la deuxi\u00e8me s\u00e9ance d\u2019information r\u00e9guli\u00e8re de cette ann\u00e9e sur la situation au Kosovo. Le Repr\u00e9sentant sp\u00e9cial adjoint et Chef de mission par int\u00e9rim de la Mission d\u2019administration int\u00e9rimaire des Nations Unies au Kosovo (MINUK), Milbert Dongjoon Shin, devrait pr\u00e9senter le dernier rapport du Secr\u00e9taire [&hellip;]<\/p>\n","protected":false},"author":6,"featured_media":830562,"comment_status":"closed","ping_status":"closed","sticky":false,"template":"","format":"standard","meta":{"footnotes":""},"categories":[33083,23271,23277,24620,24634,1109],"tags":[],"vendi":[],"content_country":[31835,31838,31840],"class_list":["post-868696","post","type-post","status-publish","format-standard","has-post-thumbnail","hentry","category-de-balkani-fr","category-kosovo","category-news-fr","category-kosova-fr-2","category-nouvelles-fr-3","category-non-classifiee","content_country-austria-fr","content_country-germany-fr","content_country-zvicer-fr"],"acf":[],"_links":{"self":[{"href":"https:\/\/www.albinfo.ch\/fr\/wp-json\/wp\/v2\/posts\/868696","targetHints":{"allow":["GET"]}}],"collection":[{"href":"https:\/\/www.albinfo.ch\/fr\/wp-json\/wp\/v2\/posts"}],"about":[{"href":"https:\/\/www.albinfo.ch\/fr\/wp-json\/wp\/v2\/types\/post"}],"author":[{"embeddable":true,"href":"https:\/\/www.albinfo.ch\/fr\/wp-json\/wp\/v2\/users\/6"}],"replies":[{"embeddable":true,"href":"https:\/\/www.albinfo.ch\/fr\/wp-json\/wp\/v2\/comments?post=868696"}],"version-history":[{"count":1,"href":"https:\/\/www.albinfo.ch\/fr\/wp-json\/wp\/v2\/posts\/868696\/revisions"}],"predecessor-version":[{"id":868697,"href":"https:\/\/www.albinfo.ch\/fr\/wp-json\/wp\/v2\/posts\/868696\/revisions\/868697"}],"wp:featuredmedia":[{"embeddable":true,"href":"https:\/\/www.albinfo.ch\/fr\/wp-json\/wp\/v2\/media\/830562"}],"wp:attachment":[{"href":"https:\/\/www.albinfo.ch\/fr\/wp-json\/wp\/v2\/media?parent=868696"}],"wp:term":[{"taxonomy":"category","embeddable":true,"href":"https:\/\/www.albinfo.ch\/fr\/wp-json\/wp\/v2\/categories?post=868696"},{"taxonomy":"post_tag","embeddable":true,"href":"https:\/\/www.albinfo.ch\/fr\/wp-json\/wp\/v2\/tags?post=868696"},{"taxonomy":"vendi","embeddable":true,"href":"https:\/\/www.albinfo.ch\/fr\/wp-json\/wp\/v2\/vendi?post=868696"},{"taxonomy":"content_country","embeddable":true,"href":"https:\/\/www.albinfo.ch\/fr\/wp-json\/wp\/v2\/content_country?post=868696"}],"curies":[{"name":"wp","href":"https:\/\/api.w.org\/{rel}","templated":true}]}}