{"id":870411,"date":"2025-10-27T20:58:42","date_gmt":"2025-10-27T19:58:42","guid":{"rendered":"https:\/\/www.albinfo.ch\/?p=870411"},"modified":"2025-10-27T21:26:43","modified_gmt":"2025-10-27T20:26:43","slug":"speakoda-les-albanais-entre-trois-generations-en-suisse-gjermanisht","status":"publish","type":"post","link":"https:\/\/www.albinfo.ch\/fr\/speakoda-les-albanais-entre-trois-generations-en-suisse-gjermanisht\/","title":{"rendered":"SPEAK@ODA  Les Albanais entre trois g\u00e9n\u00e9rations en Suisse  Gjermanisht:"},"content":{"rendered":"<p data-start=\"0\" data-end=\"291\">La plateforme m\u00e9diatique <strong>albinfo.ch<\/strong>, en collaboration avec CH-APEN, invite toutes les personnes int\u00e9ress\u00e9es \u00e0 participer \u00e0 l\u2019\u00e9v\u00e9nement inspirant SPEAK@ODA, o\u00f9 les Albanais de Suisse issus de trois g\u00e9n\u00e9rations partageront leurs exp\u00e9riences, leurs r\u00e9ussites et leurs d\u00e9fis.<\/p>\n<p data-start=\"293\" data-end=\"317\">Le programme comprend:<\/p>\n<p data-start=\"319\" data-end=\"385\">T\u00e9moignages inspirants de trois g\u00e9n\u00e9rations d\u2019Albanais en Suisse<\/p>\n<p data-start=\"387\" data-end=\"455\">Exposition artistique et documentaire d\u00e9di\u00e9e aux trois g\u00e9n\u00e9rations<\/p>\n<p data-start=\"457\" data-end=\"559\">Pr\u00e9sentations sur les d\u00e9fis et les r\u00e9alisations des plus grandes organisations albanaises en Suisse:<\/p>\n<p data-start=\"561\" data-end=\"749\">Association des M\u00e9decins Albanais en Suisse<br data-start=\"604\" data-end=\"607\" \/>Association des Ing\u00e9nieurs Albanais en Suisse<br data-start=\"652\" data-end=\"655\" \/>R\u00e9seau des Entreprises de la Diaspora Albanaise en Suisse<br data-start=\"712\" data-end=\"715\" \/>Assembl\u00e9e des Albanais de Suisse<\/p>\n<figure id=\"attachment_870326\" aria-describedby=\"caption-attachment-870326\" style=\"width: 640px\" class=\"wp-caption alignnone\"><a href=\"https:\/\/www.albinfo.ch\/wp-content\/uploads\/2025\/10\/speak-oda-5.jpg\"><img loading=\"lazy\" decoding=\"async\" class=\"size-large wp-image-870326\" src=\"https:\/\/www.albinfo.ch\/wp-content\/uploads\/2025\/10\/speak-oda-5-1024x576.jpg\" alt=\"\" width=\"640\" height=\"360\" srcset=\"https:\/\/www.albinfo.ch\/wp-content\/uploads\/2025\/10\/speak-oda-5-1024x576.jpg 1024w, https:\/\/www.albinfo.ch\/wp-content\/uploads\/2025\/10\/speak-oda-5-300x169.jpg 300w, https:\/\/www.albinfo.ch\/wp-content\/uploads\/2025\/10\/speak-oda-5-768x432.jpg 768w, https:\/\/www.albinfo.ch\/wp-content\/uploads\/2025\/10\/speak-oda-5-1536x864.jpg 1536w, https:\/\/www.albinfo.ch\/wp-content\/uploads\/2025\/10\/speak-oda-5-182x101.jpg 182w, https:\/\/www.albinfo.ch\/wp-content\/uploads\/2025\/10\/speak-oda-5-790x443.jpg 790w, https:\/\/www.albinfo.ch\/wp-content\/uploads\/2025\/10\/speak-oda-5-587x330.jpg 587w, https:\/\/www.albinfo.ch\/wp-content\/uploads\/2025\/10\/speak-oda-5-178x100.jpg 178w, https:\/\/www.albinfo.ch\/wp-content\/uploads\/2025\/10\/speak-oda-5-265x149.jpg 265w, https:\/\/www.albinfo.ch\/wp-content\/uploads\/2025\/10\/speak-oda-5.jpg 1920w\" sizes=\"auto, (max-width: 640px) 100vw, 640px\" \/><\/a><figcaption id=\"caption-attachment-870326\" class=\"wp-caption-text\">RRBDSH &#8211; R\u00e9seau des Entreprises de la Diaspora Albanaise en Suisse<\/figcaption><\/figure>\n<figure id=\"attachment_870329\" aria-describedby=\"caption-attachment-870329\" style=\"width: 640px\" class=\"wp-caption alignnone\"><a href=\"https:\/\/www.albinfo.ch\/wp-content\/uploads\/2025\/10\/speak-oda-4.jpg\"><img loading=\"lazy\" decoding=\"async\" class=\"size-large wp-image-870329\" src=\"https:\/\/www.albinfo.ch\/wp-content\/uploads\/2025\/10\/speak-oda-4-1024x576.jpg\" alt=\"\" width=\"640\" height=\"360\" srcset=\"https:\/\/www.albinfo.ch\/wp-content\/uploads\/2025\/10\/speak-oda-4-1024x576.jpg 1024w, https:\/\/www.albinfo.ch\/wp-content\/uploads\/2025\/10\/speak-oda-4-300x169.jpg 300w, https:\/\/www.albinfo.ch\/wp-content\/uploads\/2025\/10\/speak-oda-4-768x432.jpg 768w, https:\/\/www.albinfo.ch\/wp-content\/uploads\/2025\/10\/speak-oda-4-1536x864.jpg 1536w, https:\/\/www.albinfo.ch\/wp-content\/uploads\/2025\/10\/speak-oda-4-182x101.jpg 182w, https:\/\/www.albinfo.ch\/wp-content\/uploads\/2025\/10\/speak-oda-4-790x443.jpg 790w, https:\/\/www.albinfo.ch\/wp-content\/uploads\/2025\/10\/speak-oda-4-587x330.jpg 587w, https:\/\/www.albinfo.ch\/wp-content\/uploads\/2025\/10\/speak-oda-4-178x100.jpg 178w, https:\/\/www.albinfo.ch\/wp-content\/uploads\/2025\/10\/speak-oda-4-265x149.jpg 265w, https:\/\/www.albinfo.ch\/wp-content\/uploads\/2025\/10\/speak-oda-4.jpg 1920w\" sizes=\"auto, (max-width: 640px) 100vw, 640px\" \/><\/a><figcaption id=\"caption-attachment-870329\" class=\"wp-caption-text\">Association des M\u00e9decins Albanais de Suisse<\/figcaption><\/figure>\n<figure id=\"attachment_870338\" aria-describedby=\"caption-attachment-870338\" style=\"width: 640px\" class=\"wp-caption alignnone\"><a href=\"https:\/\/www.albinfo.ch\/wp-content\/uploads\/2025\/10\/speak-oda-3.jpg\"><img loading=\"lazy\" decoding=\"async\" class=\"size-large wp-image-870332\" src=\"https:\/\/www.albinfo.ch\/wp-content\/uploads\/2025\/10\/speak-oda-3-1024x576.jpg\" alt=\"\" width=\"640\" height=\"360\" srcset=\"https:\/\/www.albinfo.ch\/wp-content\/uploads\/2025\/10\/speak-oda-3-1024x576.jpg 1024w, https:\/\/www.albinfo.ch\/wp-content\/uploads\/2025\/10\/speak-oda-3-300x169.jpg 300w, https:\/\/www.albinfo.ch\/wp-content\/uploads\/2025\/10\/speak-oda-3-768x432.jpg 768w, https:\/\/www.albinfo.ch\/wp-content\/uploads\/2025\/10\/speak-oda-3-1536x864.jpg 1536w, https:\/\/www.albinfo.ch\/wp-content\/uploads\/2025\/10\/speak-oda-3-182x101.jpg 182w, https:\/\/www.albinfo.ch\/wp-content\/uploads\/2025\/10\/speak-oda-3-790x443.jpg 790w, https:\/\/www.albinfo.ch\/wp-content\/uploads\/2025\/10\/speak-oda-3-587x330.jpg 587w, https:\/\/www.albinfo.ch\/wp-content\/uploads\/2025\/10\/speak-oda-3-178x100.jpg 178w, https:\/\/www.albinfo.ch\/wp-content\/uploads\/2025\/10\/speak-oda-3-265x149.jpg 265w, https:\/\/www.albinfo.ch\/wp-content\/uploads\/2025\/10\/speak-oda-3.jpg 1920w\" sizes=\"auto, (max-width: 640px) 100vw, 640px\" \/><\/a><figcaption id=\"caption-attachment-870338\" class=\"wp-caption-text\">Assembl\u00e9e des Albanais de Suisse<\/figcaption><\/figure>\n<p><a href=\"https:\/\/www.albinfo.ch\/wp-content\/uploads\/2025\/10\/speak-oda-2.jpg\"><img loading=\"lazy\" decoding=\"async\" class=\"size-large wp-image-870338\" src=\"https:\/\/www.albinfo.ch\/wp-content\/uploads\/2025\/10\/speak-oda-2-1024x576.jpg\" alt=\"\" width=\"640\" height=\"360\" srcset=\"https:\/\/www.albinfo.ch\/wp-content\/uploads\/2025\/10\/speak-oda-2-1024x576.jpg 1024w, https:\/\/www.albinfo.ch\/wp-content\/uploads\/2025\/10\/speak-oda-2-300x169.jpg 300w, https:\/\/www.albinfo.ch\/wp-content\/uploads\/2025\/10\/speak-oda-2-768x432.jpg 768w, https:\/\/www.albinfo.ch\/wp-content\/uploads\/2025\/10\/speak-oda-2-1536x864.jpg 1536w, https:\/\/www.albinfo.ch\/wp-content\/uploads\/2025\/10\/speak-oda-2-182x101.jpg 182w, https:\/\/www.albinfo.ch\/wp-content\/uploads\/2025\/10\/speak-oda-2-790x443.jpg 790w, https:\/\/www.albinfo.ch\/wp-content\/uploads\/2025\/10\/speak-oda-2-587x330.jpg 587w, https:\/\/www.albinfo.ch\/wp-content\/uploads\/2025\/10\/speak-oda-2-178x100.jpg 178w, https:\/\/www.albinfo.ch\/wp-content\/uploads\/2025\/10\/speak-oda-2-265x149.jpg 265w, https:\/\/www.albinfo.ch\/wp-content\/uploads\/2025\/10\/speak-oda-2.jpg 1920w\" sizes=\"auto, (max-width: 640px) 100vw, 640px\" \/><\/a><\/p>\n<p data-start=\"0\" data-end=\"208\">Dans le cadre de cet \u00e9v\u00e9nement, CH-APEN inaugurera le Business Franga Club, un geste symbolique vers la reconnaissance des Albanais de Suisse comme une partie digne du tissu social suisse.<\/p>\n<p data-start=\"210\" data-end=\"317\">Partie artistique: performance musicale de Trina Haliti, l\u2019un des jeunes talents de la musique albanaise.<\/p>\n<p data-start=\"319\" data-end=\"391\">Apr\u00e8s le programme: d\u00eener commun avec les invit\u00e9s et les participants.<\/p>\n<p data-start=\"393\" data-end=\"503\">La soir\u00e9e sera anim\u00e9e par le c\u00e9l\u00e8bre acteur Fatmir Spahiu (Bufi) et le r\u00e9dacteur d\u2019albinfo.ch, Bekim Dalipi.<\/p>\n<p data-start=\"505\" data-end=\"623\">Ne manquez pas cet \u00e9v\u00e9nement qui r\u00e9unit la m\u00e9moire, l\u2019identit\u00e9 et la r\u00e9ussite albanaise \u00e0 travers trois g\u00e9n\u00e9rations!<\/p>\n<p data-start=\"625\" data-end=\"648\">R\u00e9servez votre place: <a style=\"font-size: 16px;\" href=\"https:\/\/eventfrog.ch\/de\/p\/diverses\/speak-oda-7387132647217077795.html\">linku<\/a><\/p>\n","protected":false},"excerpt":{"rendered":"<p>Restaurant Letzigrund, Badenerstrasse 526, Zurich, 22 novembre 2025 &#8211; 18h00<\/p>\n","protected":false},"author":6,"featured_media":870336,"comment_status":"closed","ping_status":"closed","sticky":false,"template":"","format":"standard","meta":{"footnotes":""},"categories":[33332,34498,34898,34928,1164,1163,1182],"tags":[],"vendi":[31859],"content_country":[31835,31838,31840],"class_list":["post-870411","post","type-post","status-publish","format-standard","has-post-thumbnail","hentry","category-associations","category-evente-fr","category-integration-2","category-calendrier","category-integration-fr","category-fr-e-diaspora","category-agenda","vendi-zurich","content_country-austria-fr","content_country-germany-fr","content_country-zvicer-fr"],"acf":[],"_links":{"self":[{"href":"https:\/\/www.albinfo.ch\/fr\/wp-json\/wp\/v2\/posts\/870411","targetHints":{"allow":["GET"]}}],"collection":[{"href":"https:\/\/www.albinfo.ch\/fr\/wp-json\/wp\/v2\/posts"}],"about":[{"href":"https:\/\/www.albinfo.ch\/fr\/wp-json\/wp\/v2\/types\/post"}],"author":[{"embeddable":true,"href":"https:\/\/www.albinfo.ch\/fr\/wp-json\/wp\/v2\/users\/6"}],"replies":[{"embeddable":true,"href":"https:\/\/www.albinfo.ch\/fr\/wp-json\/wp\/v2\/comments?post=870411"}],"version-history":[{"count":3,"href":"https:\/\/www.albinfo.ch\/fr\/wp-json\/wp\/v2\/posts\/870411\/revisions"}],"predecessor-version":[{"id":870437,"href":"https:\/\/www.albinfo.ch\/fr\/wp-json\/wp\/v2\/posts\/870411\/revisions\/870437"}],"wp:featuredmedia":[{"embeddable":true,"href":"https:\/\/www.albinfo.ch\/fr\/wp-json\/wp\/v2\/media\/870336"}],"wp:attachment":[{"href":"https:\/\/www.albinfo.ch\/fr\/wp-json\/wp\/v2\/media?parent=870411"}],"wp:term":[{"taxonomy":"category","embeddable":true,"href":"https:\/\/www.albinfo.ch\/fr\/wp-json\/wp\/v2\/categories?post=870411"},{"taxonomy":"post_tag","embeddable":true,"href":"https:\/\/www.albinfo.ch\/fr\/wp-json\/wp\/v2\/tags?post=870411"},{"taxonomy":"vendi","embeddable":true,"href":"https:\/\/www.albinfo.ch\/fr\/wp-json\/wp\/v2\/vendi?post=870411"},{"taxonomy":"content_country","embeddable":true,"href":"https:\/\/www.albinfo.ch\/fr\/wp-json\/wp\/v2\/content_country?post=870411"}],"curies":[{"name":"wp","href":"https:\/\/api.w.org\/{rel}","templated":true}]}}