{"id":870937,"date":"2025-10-29T21:38:47","date_gmt":"2025-10-29T20:38:47","guid":{"rendered":"https:\/\/www.albinfo.ch\/?p=870937"},"modified":"2025-10-29T21:39:15","modified_gmt":"2025-10-29T20:39:15","slug":"rita-ora-eblouit-avec-un-look-des-annees-50-dans-all-natural","status":"publish","type":"post","link":"https:\/\/www.albinfo.ch\/fr\/rita-ora-eblouit-avec-un-look-des-annees-50-dans-all-natural\/","title":{"rendered":"Rita Ora \u00e9blouit avec un look des ann\u00e9es 50 dans &#8221; All Natural &#8220;."},"content":{"rendered":"<p data-start=\"0\" data-end=\"195\">Rita Ora a surpris ses fans avec une performance inattendue de sa chanson &#8221; All Natural &#8220;, partageant des images refl\u00e9tant son style audacieux et moderne, rapporte albinfo.ch.<\/p>\n<p data-start=\"197\" data-end=\"504\">La chanteuse d\u2019origine albanaise est apparue avec un look inspir\u00e9 de l\u2019\u00e9l\u00e9gance des ann\u00e9es 50, avec des cheveux ondul\u00e9s, un maquillage raffin\u00e9 et des l\u00e8vres ros\u00e9es. La combinaison d\u2019un manteau noir, de collants violets et de talons hauts a \u00e9t\u00e9 salu\u00e9e comme l\u2019une de ses apparitions les plus embl\u00e9matiques.<\/p>\n<p data-start=\"506\" data-end=\"631\">&#8221; Performance surprise ! J\u2019adore cette nouvelle version de \u2018All Natural\u2019 &#8220;, a \u00e9crit Rita dans la l\u00e9gende de sa publication.<\/p>\n<p data-start=\"633\" data-end=\"831\">La chanson conna\u00eet un grand succ\u00e8s international, tandis que les fans attendent avec impatience le quatri\u00e8me album de l\u2019artiste, qui devrait marquer une nouvelle \u00e9tape importante dans sa carri\u00e8re.<\/p>\n<p><a href=\"https:\/\/www.albinfo.ch\/wp-content\/uploads\/2025\/10\/img_3694.jpeg\"><img loading=\"lazy\" decoding=\"async\" class=\"alignnone wp-image-870747\" src=\"https:\/\/www.albinfo.ch\/wp-content\/uploads\/2025\/10\/img_3694.jpeg\" alt=\"\" width=\"500\" height=\"666\" srcset=\"https:\/\/www.albinfo.ch\/wp-content\/uploads\/2025\/10\/img_3694.jpeg 769w, https:\/\/www.albinfo.ch\/wp-content\/uploads\/2025\/10\/img_3694-225x300.jpeg 225w, https:\/\/www.albinfo.ch\/wp-content\/uploads\/2025\/10\/img_3694-297x396.jpeg 297w, https:\/\/www.albinfo.ch\/wp-content\/uploads\/2025\/10\/img_3694-75x100.jpeg 75w, https:\/\/www.albinfo.ch\/wp-content\/uploads\/2025\/10\/img_3694-131x175.jpeg 131w\" sizes=\"auto, (max-width: 500px) 100vw, 500px\" \/><\/a><\/p>\n","protected":false},"excerpt":{"rendered":"<p>Rita Ora \u00e9blouit avec sa performance surprise de &#8220;All Natural &#8220;.<\/p>\n","protected":false},"author":6,"featured_media":870751,"comment_status":"closed","ping_status":"closed","sticky":false,"template":"","format":"standard","meta":{"footnotes":""},"categories":[3976,24630,1168,1183],"tags":[],"vendi":[],"content_country":[],"class_list":["post-870937","post","type-post","status-publish","format-standard","has-post-thumbnail","hentry","category-lifestyle-fr","category-nouvelles","category-culture","category-fun-fr"],"acf":[],"_links":{"self":[{"href":"https:\/\/www.albinfo.ch\/fr\/wp-json\/wp\/v2\/posts\/870937","targetHints":{"allow":["GET"]}}],"collection":[{"href":"https:\/\/www.albinfo.ch\/fr\/wp-json\/wp\/v2\/posts"}],"about":[{"href":"https:\/\/www.albinfo.ch\/fr\/wp-json\/wp\/v2\/types\/post"}],"author":[{"embeddable":true,"href":"https:\/\/www.albinfo.ch\/fr\/wp-json\/wp\/v2\/users\/6"}],"replies":[{"embeddable":true,"href":"https:\/\/www.albinfo.ch\/fr\/wp-json\/wp\/v2\/comments?post=870937"}],"version-history":[{"count":3,"href":"https:\/\/www.albinfo.ch\/fr\/wp-json\/wp\/v2\/posts\/870937\/revisions"}],"predecessor-version":[{"id":870940,"href":"https:\/\/www.albinfo.ch\/fr\/wp-json\/wp\/v2\/posts\/870937\/revisions\/870940"}],"wp:featuredmedia":[{"embeddable":true,"href":"https:\/\/www.albinfo.ch\/fr\/wp-json\/wp\/v2\/media\/870751"}],"wp:attachment":[{"href":"https:\/\/www.albinfo.ch\/fr\/wp-json\/wp\/v2\/media?parent=870937"}],"wp:term":[{"taxonomy":"category","embeddable":true,"href":"https:\/\/www.albinfo.ch\/fr\/wp-json\/wp\/v2\/categories?post=870937"},{"taxonomy":"post_tag","embeddable":true,"href":"https:\/\/www.albinfo.ch\/fr\/wp-json\/wp\/v2\/tags?post=870937"},{"taxonomy":"vendi","embeddable":true,"href":"https:\/\/www.albinfo.ch\/fr\/wp-json\/wp\/v2\/vendi?post=870937"},{"taxonomy":"content_country","embeddable":true,"href":"https:\/\/www.albinfo.ch\/fr\/wp-json\/wp\/v2\/content_country?post=870937"}],"curies":[{"name":"wp","href":"https:\/\/api.w.org\/{rel}","templated":true}]}}